{"id":1253921,"date":"2026-08-22T18:47:18","date_gmt":"2026-08-22T18:47:18","guid":{"rendered":"https:\/\/www.europesays.com\/de\/1253921\/"},"modified":"2026-08-22T18:47:18","modified_gmt":"2026-08-22T18:47:18","slug":"flughafen-dresden-crash-zweier-flieger-200-einsatzkraefte-proben-notfall","status":"publish","type":"post","link":"https:\/\/www.europesays.com\/de\/1253921\/","title":{"rendered":"Flughafen Dresden: Crash zweier Flieger \u2013 200 Einsatzkr\u00e4fte proben Notfall"},"content":{"rendered":"<p>Flughafen der Landeshauptstadt <\/p>\n<p>Flugzeugkollision in Dresden: 200 Einsatzkr\u00e4fte proben Ernstfall<\/p>\n<p>22.08.2026 &#8211; 19:42 UhrLesedauer: 1 Min.<\/p>\n<p><a href=\"#focus-0\" class=\"transition-colors block text-current relative\" data-sctrack=\"FocusGalleryImage.Reference\"><img fetchpriority=\"high\" data-testid=\"Opener.Image\"   loading=\"eager\" src=\"https:\/\/www.europesays.com\/de\/wp-content\/uploads\/2026\/08\/einsatzfahrzeuge-auf-dem-flugfeld-von-dresden-ersthelfer-probten-nun-den-ernstfall.jpg\" alt=\"Einsatzfahrzeuge auf dem Flugfeld von Dresden: Ersthelfer probten nun den Ernstfall.\" title=\"Einsatzfahrzeuge auf dem Flugfeld von Dresden: Ersthelfer probten nun den Ernstfall.\" width=\"1067\" height=\"600\" class=\"bg-[url:var(--lqipURL)] bg-cover bg-center flex h-full w-full max-w-full\" style=\"--lqipURL:url('https:\/\/images.t-online.de\/2026\/08\/j0DOOyXQgxDr\/0x100:1067x600\/fit-in\/150x0\/filters:blur(25)\/einsatzfahrzeuge-auf-dem-flugfeld-von-dresden-ersthelfer-probten-nun-den-ernstfall.jpg')\" decoding=\"async\"\/><img loading=\"lazy\" src=\"https:\/\/dresden.t-online.de\/s\/paper\/_next\/static\/media\/zoom-in.f7dae02f.svg\" alt=\"Vergr\u00f6\u00dfern des Bildes\" title=\"Vergr\u00f6\u00dfern des Bildes\" class=\"block h-[calc(var(--height)_\/_16_*_1rem)] w-[calc(var(--width)_\/_16_*_1rem)] max-w-none absolute right-8 bottom-8 rounded-4 bg-snow p-8\" style=\"--width:32;--height:32\" decoding=\"async\"\/><\/a><\/p>\n<p>Einsatzfahrzeuge auf dem Flugfeld von Dresden: Ersthelfer probten nun den Ernstfall. (Quelle: Mitteldeutsche Flugh\u00e4fen)<\/p>\n<p class=\"font-bold text-18 leading-17 user-text-lg:text-22 user-text-xl:text-24\">Was passiert, wenn zwei Flugzeuge zusammensto\u00dfen? Am Flughafen Dresden haben Feuerwehr, Rettungsdienste und Polizei genau dieses Szenario trainiert.<\/p>\n<p class=\"text-18 leading-17 user-text-lg:text-22 user-text-xl:text-24\">Am <a href=\"https:\/\/dresden.t-online.de\/region\/dresden\/id_101340458\/flughafen-dresden-flugzeuge-kreisen-hase-blockiert-bahn-fuer-landung.html\" class=\"transition-colors cursor-pointer no-underline md:hover:text-magenta md:focus:text-magenta border-b border-solid border-current text-salemsfur md:hover:border-magenta\" data-tracking=\"{&quot;action&quot;:&quot;click&quot;,&quot;category&quot;:&quot;intextLink&quot;,&quot;label&quot;:&quot;\/region\/dresden\/id_101340458\/flughafen-dresden-flugzeuge-kreisen-hase-blockiert-bahn-fuer-landung.html&quot;}\" data-sctrack=\"BodyAnchor\" rel=\"nofollow noopener\" target=\"_blank\">Flughafen Dresden<\/a> haben rund 200 Einsatzkr\u00e4fte eine turnusm\u00e4\u00dfige Notfall\u00fcbung absolviert. Dabei wurde der Zusammensto\u00df zweier Passagierflugzeuge simuliert, wie die Mitteldeutsche Flughafen AG mitteilte. Feuerwehr, Rettungsdienste, Polizei und Flughafenmitarbeiter nahmen an der \u00dcbung teil. Der regul\u00e4re Flugbetrieb war nicht beeintr\u00e4chtigt.<\/p>\n<p class=\"text-18 leading-17 user-text-lg:text-22 user-text-xl:text-24\">Die Teilnehmer \u00fcbten das L\u00f6schen der Flugzeuge sowie die Rettung verletzter Passagiere. Eine Brandsimulationsanlage erm\u00f6glichte dabei einen realit\u00e4tsnahen Einsatz. Ziel war es, das abgestimmte Vorgehen bei Brandbek\u00e4mpfung, technischer Hilfeleistung und Menschenrettung nach einer Flugzeughavarie zu trainieren. Zugleich wurden Alarm- und Einsatzpl\u00e4ne \u00fcberpr\u00fcft sowie die Koordination der verschiedenen Fachdienste und F\u00fchrungsebenen getestet.<\/p>\n","protected":false},"excerpt":{"rendered":"Flughafen der Landeshauptstadt Flugzeugkollision in Dresden: 200 Einsatzkr\u00e4fte proben Ernstfall 22.08.2026 &#8211; 19:42 UhrLesedauer: 1 Min. Einsatzfahrzeuge auf&hellip;\n","protected":false},"author":2,"featured_media":1253922,"comment_status":"","ping_status":"","sticky":false,"template":"","format":"standard","meta":{"footnotes":"","_share_on_mastodon":"0"},"categories":[1835],"tags":[722,17161,3364,29,2386,3046,2540,11391,985,35993,259397,30,3467,121,859],"class_list":["post-1253921","post","type-post","status-publish","format-standard","has-post-thumbnail","category-dresden","tag-722","tag-17161","tag-de","tag-deutschland","tag-dresden","tag-einsatzfahrzeug","tag-einsatzkraft","tag-ernstfall","tag-feuerwehr","tag-flughafen-dresden","tag-flugzeugkollision","tag-germany","tag-landeshauptstadt","tag-polizei","tag-sachsen"],"share_on_mastodon":{"url":"https:\/\/pubeurope.com\/@de\/117140656746555281","error":""},"_links":{"self":[{"href":"https:\/\/www.europesays.com\/de\/wp-json\/wp\/v2\/posts\/1253921","targetHints":{"allow":["GET"]}}],"collection":[{"href":"https:\/\/www.europesays.com\/de\/wp-json\/wp\/v2\/posts"}],"about":[{"href":"https:\/\/www.europesays.com\/de\/wp-json\/wp\/v2\/types\/post"}],"author":[{"embeddable":true,"href":"https:\/\/www.europesays.com\/de\/wp-json\/wp\/v2\/users\/2"}],"replies":[{"embeddable":true,"href":"https:\/\/www.europesays.com\/de\/wp-json\/wp\/v2\/comments?post=1253921"}],"version-history":[{"count":0,"href":"https:\/\/www.europesays.com\/de\/wp-json\/wp\/v2\/posts\/1253921\/revisions"}],"wp:featuredmedia":[{"embeddable":true,"href":"https:\/\/www.europesays.com\/de\/wp-json\/wp\/v2\/media\/1253922"}],"wp:attachment":[{"href":"https:\/\/www.europesays.com\/de\/wp-json\/wp\/v2\/media?parent=1253921"}],"wp:term":[{"taxonomy":"category","embeddable":true,"href":"https:\/\/www.europesays.com\/de\/wp-json\/wp\/v2\/categories?post=1253921"},{"taxonomy":"post_tag","embeddable":true,"href":"https:\/\/www.europesays.com\/de\/wp-json\/wp\/v2\/tags?post=1253921"}],"curies":[{"name":"wp","href":"https:\/\/api.w.org\/{rel}","templated":true}]}}