{"id":1253932,"date":"2026-08-22T18:56:41","date_gmt":"2026-08-22T18:56:41","guid":{"rendered":"https:\/\/www.europesays.com\/de\/1253932\/"},"modified":"2026-08-22T18:56:41","modified_gmt":"2026-08-22T18:56:41","slug":"fc-bayern-mit-wilder-startelf-bvb-mit-zwei-neuen-die-aufstellungen-fuer-den-supercup-2026","status":"publish","type":"post","link":"https:\/\/www.europesays.com\/de\/1253932\/","title":{"rendered":"FC Bayern mit wilder Startelf, BVB mit zwei Neuen: Die Aufstellungen f\u00fcr den Supercup 2026"},"content":{"rendered":"<p>Supercup 2026: BVB empf\u00e4ngt die Bayern<\/p>\n<p>Heute Abend (Ansto\u00df 20:30 Uhr) wird der erste kleine Titel der deutschen Fu\u00dfball-Saison 2026\/27 vergeben. Vizemeister <a href=\"https:\/\/www.fussballdaten.de\/vereine\/borussia-dortmund\/\" title=\"Profil von Borussia Dortmund\" rel=\"nofollow noopener\" target=\"_blank\">Borussia Dortmund<\/a> empf\u00e4ngt den amtierenden Meister und Pokalsieger <a href=\"https:\/\/www.fussballdaten.de\/vereine\/fc-bayern-muenchen\/\" title=\"Profil von FC Bayern M\u00fcnchen\" rel=\"nofollow noopener\" target=\"_blank\">Bayern M\u00fcnchen<\/a> zum Duell im Franz-Beckenbauer-Supercup. Die Trainer beider Mannschaften lassen direkt im ersten Pflichtspiel der neuen Spielzeit einige ihrer Neuzug\u00e4nge von der Leine, sorgen aber auch f\u00fcr \u00dcberraschungen.<\/p>\n<p>Die Aufstellung von Borussia Dortmund<img decoding=\"async\" src=\"https:\/\/www.europesays.com\/de\/wp-content\/uploads\/2026\/08\/KeluFy8BePYunRNHFEgsuTxDRQM-81EZ.png\" alt=\"Aufstellung von Borussia Dortmund im Franz Beckenbauer Supercup gegen den FC Bayern M\u00fcnchen am 22. August 2026\" title=\"Aufstellung von Borussia Dortmund im Franz Beckenbauer Supercup gegen den FC Bayern M\u00fcnchen am 22. August 2026\"\/>Foto im Hintergrund: Getty Images. Grafik: Maximilian Dymel\/Fussballdaten.de<\/p>\n<p class=\"mb20 mt30\"><b>Aufstellung BVB:<\/b> Kobel &#8211; Gadou, Anton, Bensebaini &#8211; Ryerson, Bellingham, Nmecha, Svensson &#8211; Karetsas, Inacio &#8211; Guirassy<\/p>\n<p class=\"mb20 mt30\">Borussia Dortmund wird mit dem gewohnten 3-4-2-1-System beginnen. Trotz zahlreicher Neuzug\u00e4nge hat <a href=\"https:\/\/www.fussballdaten.de\/person\/niko-kovac\/\" title=\"Profil von Niko Kovac\" rel=\"nofollow noopener\" target=\"_blank\">Niko Kovac<\/a> nur zwei neue Gesichter in die erste Elf berufen: Griechen-Juwel <a href=\"https:\/\/www.fussballdaten.de\/person\/konstantinos-karetsas\/\" title=\"Profil von Konstantinos Karetsas\" rel=\"nofollow noopener\" target=\"_blank\">Konstantinos Karetsas<\/a> startet auf dem rechten Fl\u00fcgel, <a href=\"https:\/\/www.fussballdaten.de\/person\/joane-gadou\/\" title=\"Profil von Joane Gadou\" rel=\"nofollow noopener\" target=\"_blank\">Joane Gadou<\/a> in der Dreierkette. Die zuletzt verpflichteten <a href=\"https:\/\/www.fussballdaten.de\/person\/giannis-konstantelias\/\" title=\"Profil von Giannis Konstantelias\" rel=\"nofollow noopener\" target=\"_blank\">Giannis Konstantelias<\/a> und <a href=\"https:\/\/www.fussballdaten.de\/person\/joey-veerman\/\" title=\"Profil von Joey Veerman\" rel=\"nofollow noopener\" target=\"_blank\">Joey Veerman<\/a> nehmen zun\u00e4chst auf der Bank Platz. <a href=\"https:\/\/www.fussballdaten.de\/person\/samuele-inacio\/\" title=\"Profil von Samuele Inacio\" rel=\"nofollow noopener\" target=\"_blank\">Samuele Inacio<\/a>, der in der Saisonvorbereitung \u00fcberzeugte, darf auf dem linken Fl\u00fcgel beginnen. Im Sturmzentrum erh\u00e4lt <a href=\"https:\/\/www.fussballdaten.de\/person\/serhou-guirassy\/\" title=\"Profil von Serhou Guirassy\" rel=\"nofollow noopener\" target=\"_blank\">Serhou Guirassy<\/a> den Vorzug vor <a href=\"https:\/\/www.fussballdaten.de\/person\/fabio-silva-1\/\" title=\"Profil von Fabio Silva\" rel=\"nofollow noopener\" target=\"_blank\">Fabio Silva<\/a>.<\/p>\n<p class=\"mb20 mt30\"><b>Die Ausf\u00e4lle:<\/b> Die Langzeitverletzten <a href=\"https:\/\/www.fussballdaten.de\/person\/nico-schlotterbeck\/\" rel=\"nofollow noopener\" target=\"_blank\">Nico Schlotterbeck<\/a> (Sprunggelenksverletzung) und <a href=\"https:\/\/www.fussballdaten.de\/person\/emre-can\/\" rel=\"nofollow noopener\" target=\"_blank\">Emre Can <\/a>(Kreuzbandriss) verpassen den Saisonauftakt. Auch <a href=\"https:\/\/www.fussballdaten.de\/person\/carney-chukwuemeka\/\" title=\"Profil von Carney Chukwuemeka\" rel=\"nofollow noopener\" target=\"_blank\">Carney Chukwuemeka<\/a> (muskul\u00e4re Probleme) sowie die jungen Talente <a href=\"https:\/\/www.fussballdaten.de\/person\/kaua-prates\/\" title=\"Profil von Kaua Prates\" rel=\"nofollow noopener\" target=\"_blank\">Kaua Prates<\/a> und <a href=\"https:\/\/www.fussballdaten.de\/person\/justin-lerma\/\" title=\"Profil von Justin Lerma\" rel=\"nofollow noopener\" target=\"_blank\">Justin Lerma<\/a> stehen nicht im Kader.<\/p>\n<p>Die Aufstellung des FC Bayern M\u00fcnchen<img decoding=\"async\" src=\"https:\/\/www.europesays.com\/de\/wp-content\/uploads\/2026\/08\/0KyrRdxdGznGC3_zBveYm3w74_alYiIU.png\" alt=\"Aufstellung vom FC Bayern M\u00fcnchen im Franz Beckenbauer Supercup gegen Borussia Dortmund am 22. August 2026\" title=\"Aufstellung vom FC Bayern M\u00fcnchen im Franz Beckenbauer Supercup gegen Borussia Dortmund am 22. August 2026\"\/>Foto im Hintergrund: Getty Images. Grafik: Maximilian Dymel\/Fussballdaten.de<b>Aufstellung FC Bayern:<\/b> Neuer &#8211; Stanisic, Kim, Tah, Laimer &#8211; Kimmich, Pavlovic &#8211; Olise, Brown, Luis Diaz &#8211; KaneAuf der Gegenseite \u00fcberrascht der FC Bayern mit einer interessanten Startelf, deren Formation im Vorhinein schwer zu prognostizieren ist. In der Innenverteidigung beginnt \u00fcberraschend anstelle von <a href=\"https:\/\/www.fussballdaten.de\/person\/dayot-upamecano\/\" title=\"Profil von Dayot Upamecano\" rel=\"nofollow noopener\" target=\"_blank\">Dayot Upamecano<\/a> Minjae Kim neben <a href=\"https:\/\/www.fussballdaten.de\/person\/jonathan-tah\/\" title=\"Profil von Jonathan Tah\" rel=\"nofollow noopener\" target=\"_blank\">Jonathan Tah<\/a>. <a href=\"https:\/\/www.fussballdaten.de\/person\/josip-stanisic\/\" title=\"Profil von Josip Stanisic\" rel=\"nofollow noopener\" target=\"_blank\">Josip Stanisic<\/a> startet auf der rechten Abwehrseite, <a href=\"https:\/\/www.fussballdaten.de\/person\/konrad-laimer\/\" title=\"Profil von Konrad Laimer\" rel=\"nofollow noopener\" target=\"_blank\">Konrad Laimer<\/a> wohl auf der linken. Im defensiven Mittelfeld setzt <a href=\"https:\/\/www.fussballdaten.de\/person\/vincent-kompany\/\" title=\"Profil von Vincent Kompany\" rel=\"nofollow noopener\" target=\"_blank\">Vincent Kompany<\/a> &#8211; wenig \u00fcberraschend &#8211; auch <a href=\"https:\/\/www.fussballdaten.de\/person\/joshua-kimmich\/\" title=\"Profil von Joshua Kimmich \" rel=\"nofollow noopener\" target=\"_blank\">Joshua Kimmich <\/a>und <a href=\"https:\/\/www.fussballdaten.de\/person\/aleksandar-pavlovic\/\" title=\"Profil von Aleksandar Pavlovic\" rel=\"nofollow noopener\" target=\"_blank\">Aleksandar Pavlovic<\/a>. Auf der Zehn ist der Belgier offenbar experimentierfreudig: Anscheinend wird Neuzugang <a href=\"https:\/\/www.fussballdaten.de\/person\/nathaniel-brown\/\" title=\"Profil von Nathaniel Brown\" rel=\"nofollow noopener\" target=\"_blank\">Nathaniel Brown<\/a> dort beginnen und Jamal Musiala ersetzen. In <a href=\"https:\/\/www.fussballdaten.de\/person\/ismael-saibari\/\" title=\"Profil von Ismael Saibari\" rel=\"nofollow noopener\" target=\"_blank\">Ismael Saibari<\/a> sitzt ein zweiter Neuer auf der Bank.<\/p>\n<p class=\"mb20 mt30\"><b>Die Ausf\u00e4lle: <\/b><a href=\"https:\/\/www.fussballdaten.de\/person\/jamal-musiala\/\" target=\"_blank\" rel=\"nofollow noopener\">Jamal Musiala<\/a> (neurologische Dysfunktion) bekommt nach seinen j\u00fcngsten Zusammenbr\u00fcchen eine Pause. <a href=\"https:\/\/www.fussballdaten.de\/person\/serge-gnabry\/\" title=\"Profil von Serge Gnabry\" rel=\"nofollow noopener\" target=\"_blank\">Serge Gnabry<\/a> (Adduktorenverletzung) und <a href=\"https:\/\/www.fussballdaten.de\/person\/lennart-karl\/\" rel=\"nofollow noopener\" target=\"_blank\">Lennart Karl <\/a>(Muskelb\u00fcndelriss) verpassen nach der Weltmeisterschaft auch den Supercup und arbeiten noch an ihrem Comeback.<\/p>\n<p>Bilanz pari: Wer holt sich seinen sechsten Sieg im Klassiker-Supercup?<\/p>\n<p class=\"mb20 mt30\">Der Klassiker zwischen dem FC Bayern und Borussia Dortmund findet im Rahmen des Supercups bereits zum elften Mal statt; erstmals seit der Umbennnung des Wettbewerbs in Franz-Beckenbauer-Supercup im vergangenen Jahr. Es gibt noch ein Novum: <a href=\"https:\/\/www.fussballdaten.de\/person\/juergen-klopp\/\" rel=\"nofollow noopener\" target=\"_blank\">J\u00fcrgen Klopp<\/a> absolviert seinen ersten Stadionbesuch als neuer Bundestrainer. Schon bald wird der 59-J\u00e4hrige sein erstes Aufgebot f\u00fcr die L\u00e4nderspiele Ende September\/Anfang Oktober bekanntgeben.<\/p>\n<p class=\"mb20 mt30\">Die Bilanz ist \u00fcbrigens ausgeglichen: Beide bezwangen ihren \u00e4rgsten Rivalen im Duell um die erste kleine Troph\u00e4e einer Saison jeweils f\u00fcnfmal. Das letzte Aufeinandertreffen in diesem Rahmen im Jahr 2021 entschieden die M\u00fcnchner mit 3:1 f\u00fcr sich. Wer den Titel dieses Jahr holt, wird in K\u00fcrze ermittelt.<\/p>\n<p class=\"mb20 mt30\"><a href=\"https:\/\/www.fussballdaten.de\/news\/bvb-gegen-fc-bayern-live\/\" target=\"_blank\" rel=\"nofollow noopener\">Das Spiel im Liveticker auf Fussballdaten.de &gt;&gt;&gt; HIER<\/a><\/p>\n","protected":false},"excerpt":{"rendered":"Supercup 2026: BVB empf\u00e4ngt die Bayern Heute Abend (Ansto\u00df 20:30 Uhr) wird der erste kleine Titel der deutschen&hellip;\n","protected":false},"author":2,"featured_media":1253933,"comment_status":"","ping_status":"","sticky":false,"template":"","format":"standard","meta":{"footnotes":"","_share_on_mastodon":"0"},"categories":[1833],"tags":[888,259401,3364,29,217,259400,458,259398,30,1209,52260,259399],"class_list":["post-1253932","post","type-post","status-publish","format-standard","has-post-thumbnail","category-dortmund","tag-borussia-dortmund","tag-bvb-aufstellung","tag-de","tag-deutschland","tag-dortmund","tag-fc-bayern-aufstellung","tag-fc-bayern-muenchen","tag-franz-beckenbauer-supercup-2026","tag-germany","tag-nordrhein-westfalen","tag-supercup","tag-supercup-aufstellungen"],"share_on_mastodon":{"url":"https:\/\/pubeurope.com\/@de\/117140691822505217","error":""},"_links":{"self":[{"href":"https:\/\/www.europesays.com\/de\/wp-json\/wp\/v2\/posts\/1253932","targetHints":{"allow":["GET"]}}],"collection":[{"href":"https:\/\/www.europesays.com\/de\/wp-json\/wp\/v2\/posts"}],"about":[{"href":"https:\/\/www.europesays.com\/de\/wp-json\/wp\/v2\/types\/post"}],"author":[{"embeddable":true,"href":"https:\/\/www.europesays.com\/de\/wp-json\/wp\/v2\/users\/2"}],"replies":[{"embeddable":true,"href":"https:\/\/www.europesays.com\/de\/wp-json\/wp\/v2\/comments?post=1253932"}],"version-history":[{"count":0,"href":"https:\/\/www.europesays.com\/de\/wp-json\/wp\/v2\/posts\/1253932\/revisions"}],"wp:featuredmedia":[{"embeddable":true,"href":"https:\/\/www.europesays.com\/de\/wp-json\/wp\/v2\/media\/1253933"}],"wp:attachment":[{"href":"https:\/\/www.europesays.com\/de\/wp-json\/wp\/v2\/media?parent=1253932"}],"wp:term":[{"taxonomy":"category","embeddable":true,"href":"https:\/\/www.europesays.com\/de\/wp-json\/wp\/v2\/categories?post=1253932"},{"taxonomy":"post_tag","embeddable":true,"href":"https:\/\/www.europesays.com\/de\/wp-json\/wp\/v2\/tags?post=1253932"}],"curies":[{"name":"wp","href":"https:\/\/api.w.org\/{rel}","templated":true}]}}