{"id":1254065,"date":"2026-08-22T20:34:59","date_gmt":"2026-08-22T20:34:59","guid":{"rendered":"https:\/\/www.europesays.com\/de\/1254065\/"},"modified":"2026-08-22T20:34:59","modified_gmt":"2026-08-22T20:34:59","slug":"csd-in-bremen-30-000-menschen-ziehen-mit-demozug-durch-innenstadt","status":"publish","type":"post","link":"https:\/\/www.europesays.com\/de\/1254065\/","title":{"rendered":"CSD in Bremen: 30.000 Menschen ziehen mit Demozug durch Innenstadt"},"content":{"rendered":"<p>\n                Stand: 22.08.2026 18:16 Uhr<\/p>\n<p class=\"preface\">Tausende haben am Samstag den Christopher Street Day (CSD) in Bremen gefeiert. Der Demonstrationszug lief der Polizei zufolge friedlich ab. Nach dem Anschlag am Rande des Berliner CSD hatte sie die Sicherheit besonders im Blick.<\/p>\n<p class=\"\">Nur in wenigen F\u00e4llen h\u00e4tten die Einsatzkr\u00e4fte einschreiten m\u00fcssen, teilte die Polizei nach dem Demozug mit. Sechs Personen h\u00e4tten etwa auf dem Dach eines Parkhauses nahe des CSD-Umzugs ein polizeifeindliches Plakat anbringen wollen. Auch soll die Gruppe Pyrotechnik dabeigehabt haben, so die Polizei. Sie erteilte den Mitgliedern nach eigenen Angaben Platzverweise und beschlagnahmte die Pyrotechnik.<\/p>\n<p>    Polizei z\u00e4hlte rund 30.000 Menschen<\/p>\n<p class=\"\">Nach Angaben der Polizei zogen 30.000 Menschen zu Spitzenzeiten mit dem Demonstrationszug durch die Innenstadt. Im vergangenen Jahr waren laut den Veranstaltern rund 29.000 Menschen dabei. F\u00fcr den aktuellen CSD haben die Veranstalter bisher keine Teilnehmendenzahl mitgeteilt.<\/p>\n<p>    Motto: &#8222;Generationen voller Pride &#8211; gl\u00fccklich, sichtbar, stark&#8220;<\/p>\n<p class=\"\">Die Versammlung startete nach Angaben der Polizei um 12 Uhr, gegen 12.40 Uhr zog die Parade los, den Goetheplatz im Stadtteil Viertel erreichte sie gegen 16 Uhr. Das Motto des Bremer CSD lautete &#8222;Generationen voller Pride &#8211; gl\u00fccklich, sichtbar, stark&#8220;. Mehr als 50 Gruppen &#8211; etwa aus Vereinen, Unternehmen, Gewerkschaften, sozialen Einrichtungen und der Community &#8211; gingen f\u00fcr Vielfalt, Freiheit, Sichtbarkeit und ein friedliches Miteinander auf die Stra\u00dfe.<\/p>\n<p>    CSD-Umzug auf geplanter Strecke<\/p>\n<p class=\"\">Konkrete Hinweise auf eine besondere Gef\u00e4hrdung des Bremer CSD hatten vorab nicht vorgelegen, wie die Polizei mitgeteilt hatte. Es seien aber &#8222;umfangreiche Sicherheitsma\u00dfnahmen&#8220; erforderlich gewesen, hie\u00df es von den Beamten am Samstag. Zuvor hatte es Bedenken gegeben, ob wegen fehlender Einsatzkr\u00e4fte aufgrund weiterer Veranstaltungen in Bremen die gesamte Demozug-Route abgesichert werden k\u00f6nne. Die Polizei hatte den Veranstalter vor einer Woche \u00fcber die m\u00f6gliche Einschr\u00e4nkung informiert. Nach Protesten wurde best\u00e4tigt, dass der Umzug auf der geplanten Strecke stattfindet sollte und nicht verk\u00fcrzt werden m\u00fcsste.<\/p>\n<p>    DFB-Pokal-Spiel parallel zum CSD<\/p>\n<p class=\"\">Gleichzeitig mit der CSD-Parade fand im Bremer Weserstadion das DFB-Pokal-Spiel von <a href=\"https:\/\/www.ndr.de\/sport\/fussball\/hannover-96-schiesst-sich-gegen-hemelingen-frust-von-der-seele,hemelingen-hannover-pokal-100.html\" title=\"Souver\u00e4n in Runde zwei: Hannover 96 schie\u00dft sich gegen Hemelingen den Frust von der Seele\" rel=\"nofollow noopener\" target=\"_blank\">Hemelingen gegen Hannover 96<\/a> statt. Die Polizei begleitete beide Veranstaltungen und hatte vorab alle Besucherinnen und Besucher gebeten, bei der Anreise mehr Zeit einzuplanen.<\/p>\n<p>        <img decoding=\"async\" src=\"https:\/\/www.europesays.com\/de\/wp-content\/uploads\/2026\/08\/csd-424.webp\" alt=\"Teilnehmer des Christopher Street Day (CSD) ziehen durch die Braunschweiger Innenstadt.\" title=\"Teilnehmer des Christopher Street Day (CSD) ziehen durch die Braunschweiger Innenstadt. | dpa, Michael Matthey\" class=\"responsive\" loading=\"lazy\"\/><\/p>\n<p>Rund 6.000 Menschen demonstrieren und feiern in der Innenstadt. Die Polizei zieht eine positive Zwischenbilanz.<\/p>\n<p>        <img decoding=\"async\" src=\"https:\/\/www.europesays.com\/de\/wp-content\/uploads\/2026\/08\/screenshot-202206.webp\" alt=\"Beim Maschseefest in Hannover sorgen Stra\u00dfenabsperrungen f\u00fcr Sicherheit.\" title=\"Beim Maschseefest in Hannover sorgen Stra\u00dfenabsperrungen f\u00fcr Sicherheit. | Screenshot\" class=\"responsive\" loading=\"lazy\"\/><\/p>\n<p>St\u00e4dte und Veranstalter in Niedersachsen \u00fcberpr\u00fcfen ihre Sicherheitskonzepte &#8211; auch beim Maschseefest in Hannover.<\/p>\n<p>        <img decoding=\"async\" src=\"https:\/\/www.europesays.com\/de\/wp-content\/uploads\/2026\/07\/regenbogenflagge124.webp\" alt=\"Eine Regenbogenflagge\" title=\"Eine Regenbogenflagge | imago images \/ Panthermedia\" class=\"responsive\" loading=\"lazy\"\/><\/p>\n<p>F\u00fcr queere Selbstbestimmung und gegen Menschenfeindlichkeit: Daf\u00fcr macht sich der bundesweite CSD mit vielen Aktionen stark.<\/p>\n<p>        <img decoding=\"async\" src=\"https:\/\/www.europesays.com\/de\/wp-content\/uploads\/2026\/08\/csdhl-148.webp\" alt=\"Menschen auf dem Christopher Street Day in L\u00fcbeck vor dem Holstentor\" title=\"Menschen auf dem Christopher Street Day in L\u00fcbeck vor dem Holstentor | NDR, Inga Wonnemann\" class=\"responsive\" loading=\"lazy\"\/><\/p>\n<p>Polizei und Veranstalter sprechen von 10.000 Teilnehmenden. Das Sicherheitskonzept wurde nach dem Anschlag in Berlin angepasst. <\/p>\n","protected":false},"excerpt":{"rendered":"Stand: 22.08.2026 18:16 Uhr Tausende haben am Samstag den Christopher Street Day (CSD) in Bremen gefeiert. Der Demonstrationszug&hellip;\n","protected":false},"author":2,"featured_media":1254066,"comment_status":"","ping_status":"","sticky":false,"template":"","format":"standard","meta":{"footnotes":"","_share_on_mastodon":"0"},"categories":[1824],"tags":[30546,590,2420,3364,29,30,14,15,1411,121,3931,85659],"class_list":["post-1254065","post","type-post","status-publish","format-standard","has-post-thumbnail","category-bremen","tag-csd","tag-aktuell","tag-bremen","tag-de","tag-deutschland","tag-germany","tag-nachrichten","tag-news","tag-niedersachsen","tag-polizei","tag-sicherheit","tag-verkuerzung"],"share_on_mastodon":{"url":"https:\/\/pubeurope.com\/@de\/117141081668171319","error":""},"_links":{"self":[{"href":"https:\/\/www.europesays.com\/de\/wp-json\/wp\/v2\/posts\/1254065","targetHints":{"allow":["GET"]}}],"collection":[{"href":"https:\/\/www.europesays.com\/de\/wp-json\/wp\/v2\/posts"}],"about":[{"href":"https:\/\/www.europesays.com\/de\/wp-json\/wp\/v2\/types\/post"}],"author":[{"embeddable":true,"href":"https:\/\/www.europesays.com\/de\/wp-json\/wp\/v2\/users\/2"}],"replies":[{"embeddable":true,"href":"https:\/\/www.europesays.com\/de\/wp-json\/wp\/v2\/comments?post=1254065"}],"version-history":[{"count":0,"href":"https:\/\/www.europesays.com\/de\/wp-json\/wp\/v2\/posts\/1254065\/revisions"}],"wp:featuredmedia":[{"embeddable":true,"href":"https:\/\/www.europesays.com\/de\/wp-json\/wp\/v2\/media\/1254066"}],"wp:attachment":[{"href":"https:\/\/www.europesays.com\/de\/wp-json\/wp\/v2\/media?parent=1254065"}],"wp:term":[{"taxonomy":"category","embeddable":true,"href":"https:\/\/www.europesays.com\/de\/wp-json\/wp\/v2\/categories?post=1254065"},{"taxonomy":"post_tag","embeddable":true,"href":"https:\/\/www.europesays.com\/de\/wp-json\/wp\/v2\/tags?post=1254065"}],"curies":[{"name":"wp","href":"https:\/\/api.w.org\/{rel}","templated":true}]}}