{"id":1254087,"date":"2026-08-22T20:49:15","date_gmt":"2026-08-22T20:49:15","guid":{"rendered":"https:\/\/www.europesays.com\/de\/1254087\/"},"modified":"2026-08-22T20:49:15","modified_gmt":"2026-08-22T20:49:15","slug":"pol-f-260822-1086-frankfurt-kalbach-85-jaehriger-vermisst","status":"publish","type":"post","link":"https:\/\/www.europesays.com\/de\/1254087\/","title":{"rendered":"POL-F: 260822 &#8211; 1086 Frankfurt &#8211; Kalbach: 85-J\u00e4hriger vermisst"},"content":{"rendered":"<p class=\"date\">22.08.2026 \u2013 16:18<\/p>\n<p class=\"customer\">\n                        <a class=\"story-customer\" title=\"weiter zum newsroom von Polizeipr\u00e4sidium Frankfurt am Main\" href=\"https:\/\/www.presseportal.de\/blaulicht\/nr\/4970\" rel=\"nofollow noopener\" target=\"_blank\">Polizeipr\u00e4sidium Frankfurt am Main<\/a>\n                    <\/p>\n<p><a class=\"glightbox event-trigger\" href=\"https:\/\/cache.pressmailing.net\/thumbnail\/story_hires\/c6852cf2-1c68-4cb9-ad49-680c2ee8d9ae\/85j.jpg.jpg\" data-description=\"B1\" data-category=\"medialightbox\" data-action=\"click\" data-label=\"single\" data-value=\"6a89afb4270000fd2caab328\" rel=\"nofollow noopener\" target=\"_blank\"><img decoding=\"async\" height=\"540\" with=\"720\" src=\"https:\/\/www.europesays.com\/de\/wp-content\/uploads\/2026\/08\/pol-f-260822-1086-frankfurt-kalbach-85-j-hriger-vermisst.jpeg\"   alt=\"POL-F: 260822 - 1086 Frankfurt - Kalbach: 85-J\u00e4hriger vermisst\" class=\"single\"\/><\/a><\/p>\n<p><a data-category=\"citylink-story-view\" data-action=\"click\" data-label=\"Citylink in Meldungsansicht\" class=\"story-city event-trigger\" href=\"https:\/\/www.presseportal.de\/regional\/Frankfurt\" title=\"News aus Frankfurt \" rel=\"nofollow noopener\" target=\"_blank\">Frankfurt<\/a> (ots)<\/p>\n<p>(ha) Seit heute Morgen (22. August 2026) 09:00 Uhr ist der 85-j\u00e4hrige Heinz R. aus einer Senioreneinrichtung in Kalbach abg\u00e4ngig. Herr R. ist orientierungslos, in der Vergangenheit hielt er sich \u00f6fter in Liederbach auf.<\/p>\n<p>Er kann wie folgt beschrieben werden:<\/p>\n<p>M\u00e4nnlich; braun-schwarz gestreiftes T-Shirt, dunkelblaue Hose. Auff\u00e4lliger Gang durch humpeln auf Grund einer Verletzung am rechten Fu\u00df.<\/p>\n<p>Sachdienliche Hinweise k\u00f6nnen telefonisch unter der 069 \/ 755 11400 oder bei jedem anderen Polizeirevier \u00fcbermittelt werden.<\/p>\n<p class=\"contact-headline\">R\u00fcckfragen bitte an:<\/p>\n<p class=\"contact-text\">Polizeipr\u00e4sidium Frankfurt am Main<br \/>Pressestelle<br \/>Adickesallee 70<br \/>60322 Frankfurt am Main<br \/>Telefon: 069 \/ 755-82110 (CvD)<br \/>Fax: 069 \/ 755-82009<br \/>E-Mail: <a href=\"https:\/\/www.presseportal.de\/blaulicht\/pm\/4970\/mailto:pressestelle.ppffm@polizei.hessen.de\" class=\"uri-mailto\" rel=\"nofollow noopener\" target=\"_blank\">pressestelle.ppffm@polizei.hessen.de<\/a><br \/>Homepage Polizeipr\u00e4sidium Ffm.: <a target=\"_blank\" class=\"uri-ext outbound\" rel=\"noopener nofollow\" href=\"http:\/\/www.polizei.hessen.de\/ppffm\">http:\/\/www.polizei.hessen.de\/ppffm<\/a><\/p>\n<p class=\"originator\">Original-Content von: Polizeipr\u00e4sidium Frankfurt am Main, \u00fcbermittelt durch news aktuell<\/p>\n","protected":false},"excerpt":{"rendered":"22.08.2026 \u2013 16:18 Polizeipr\u00e4sidium Frankfurt am Main Frankfurt (ots) (ha) Seit heute Morgen (22. August 2026) 09:00 Uhr&hellip;\n","protected":false},"author":2,"featured_media":1254088,"comment_status":"","ping_status":"","sticky":false,"template":"","format":"standard","meta":{"footnotes":"","_share_on_mastodon":"0"},"categories":[1829],"tags":[29,2050,2051,30,1087,2052,177,121,178,180,179,181],"class_list":["post-1254087","post","type-post","status-publish","format-standard","has-post-thumbnail","category-frankfurt-am-main","tag-deutschland","tag-frankfurt","tag-frankfurt-am-main","tag-germany","tag-he","tag-hessen","tag-kriminalitt","tag-polizei","tag-presse","tag-pressemeldung","tag-pressemitteilung","tag-pressemitteilungen"],"share_on_mastodon":{"url":"","error":""},"_links":{"self":[{"href":"https:\/\/www.europesays.com\/de\/wp-json\/wp\/v2\/posts\/1254087","targetHints":{"allow":["GET"]}}],"collection":[{"href":"https:\/\/www.europesays.com\/de\/wp-json\/wp\/v2\/posts"}],"about":[{"href":"https:\/\/www.europesays.com\/de\/wp-json\/wp\/v2\/types\/post"}],"author":[{"embeddable":true,"href":"https:\/\/www.europesays.com\/de\/wp-json\/wp\/v2\/users\/2"}],"replies":[{"embeddable":true,"href":"https:\/\/www.europesays.com\/de\/wp-json\/wp\/v2\/comments?post=1254087"}],"version-history":[{"count":0,"href":"https:\/\/www.europesays.com\/de\/wp-json\/wp\/v2\/posts\/1254087\/revisions"}],"wp:featuredmedia":[{"embeddable":true,"href":"https:\/\/www.europesays.com\/de\/wp-json\/wp\/v2\/media\/1254088"}],"wp:attachment":[{"href":"https:\/\/www.europesays.com\/de\/wp-json\/wp\/v2\/media?parent=1254087"}],"wp:term":[{"taxonomy":"category","embeddable":true,"href":"https:\/\/www.europesays.com\/de\/wp-json\/wp\/v2\/categories?post=1254087"},{"taxonomy":"post_tag","embeddable":true,"href":"https:\/\/www.europesays.com\/de\/wp-json\/wp\/v2\/tags?post=1254087"}],"curies":[{"name":"wp","href":"https:\/\/api.w.org\/{rel}","templated":true}]}}