{"id":125412,"date":"2025-05-20T12:20:11","date_gmt":"2025-05-20T12:20:11","guid":{"rendered":"https:\/\/www.europesays.com\/de\/125412\/"},"modified":"2025-05-20T12:20:11","modified_gmt":"2025-05-20T12:20:11","slug":"sony-praesentiert-verbesserte-tragbare-klimageraete-fuer-den-sommer-2025","status":"publish","type":"post","link":"https:\/\/www.europesays.com\/de\/125412\/","title":{"rendered":"Sony pr\u00e4sentiert verbesserte tragbare Klimager\u00e4te f\u00fcr den Sommer 2025"},"content":{"rendered":"<p><strong>TOKIO \/ M\u00dcNCHEN (IT BOLTWISE) \u2013 In einer Zeit, in der extreme Wetterbedingungen immer h\u00e4ufiger werden, hat Sony eine neue Version seines tragbaren Klimager\u00e4ts vorgestellt, das den Sommer 2025 revolutionieren k\u00f6nnte.<\/strong><\/p>\n<p>In einer Welt, die zunehmend von extremen Wetterbedingungen gepr\u00e4gt ist, hat Sony k\u00fcrzlich die zweite Generation seines tragbaren Klimager\u00e4ts, das Reon Pocket Pro, vorgestellt. Dieses Ger\u00e4t k\u00f6nnte sich als das unverzichtbare Gadget des Sommers 2025 erweisen. Im Gegensatz zu herk\u00f6mmlichen Klimaanlagen, die die Umgebungsluft k\u00fchlen, konzentriert sich das Reon Pocket Pro darauf, die K\u00f6rperstellen zu k\u00fchlen oder zu w\u00e4rmen, mit denen es in Kontakt kommt. Diese innovative Herangehensweise macht es zu einem vielseitigen Begleiter f\u00fcr jede Jahreszeit.<\/p>\n<p>Die neue Version des Reon Pocket Pro bietet zahlreiche Verbesserungen gegen\u00fcber ihrem Vorg\u00e4nger. Sony hat zwei unabh\u00e4ngige Thermomodule integriert, die die K\u00fchl- und W\u00e4rmefl\u00e4che verdoppeln. Dies erm\u00f6glicht eine effizientere Temperaturregulierung und erh\u00f6ht den Komfort f\u00fcr den Nutzer. Zudem wurde ein neuer Ventilator mit doppelter Luftzirkulation verbaut, der nicht nur die Leistung steigert, sondern auch die Betriebsger\u00e4usche reduziert.<\/p>\n<p>Ein weiteres Highlight des Reon Pocket Pro ist die verl\u00e4ngerte Akkulaufzeit, die nun bis zu 34 Stunden betr\u00e4gt. Dies ist besonders in Zeiten von Hitzewellen von Vorteil, wenn eine kontinuierliche K\u00fchlung erforderlich ist. Die Steuerung des Ger\u00e4ts erfolgt entweder \u00fcber eine App oder direkt \u00fcber Tasten am Ger\u00e4t, was die Bedienung im Alltag erheblich erleichtert.<\/p>\n<p>Der Markt f\u00fcr tragbare Klimager\u00e4te w\u00e4chst stetig, da immer mehr Menschen nach L\u00f6sungen suchen, um sich an die ver\u00e4nderten klimatischen Bedingungen anzupassen. Sony hat mit dem Reon Pocket Pro ein Produkt entwickelt, das nicht nur funktional, sondern auch stilvoll ist. Es erinnert an den Dyson-Kopfh\u00f6rer mit eingebautem Luftreiniger, der ebenfalls auf innovative Weise Komfort und Technologie vereint.<\/p>\n<p>Der Preis f\u00fcr das Reon Pocket Pro liegt bei 229 Euro, und es kann ab dem 20. Mai vorbestellt werden. Die Auslieferung beginnt im Juni. Diese Preisgestaltung positioniert das Ger\u00e4t als Premium-Produkt, das sich an technikaffine Verbraucher richtet, die bereit sind, in Komfort und Innovation zu investieren.<\/p>\n<p>Insgesamt zeigt Sony mit dem Reon Pocket Pro, dass das Unternehmen bereit ist, neue Wege zu gehen, um den Herausforderungen des Klimawandels zu begegnen. Die Kombination aus fortschrittlicher Technologie und praktischem Design k\u00f6nnte das Reon Pocket Pro zu einem der gefragtesten Gadgets des kommenden Sommers machen.<\/p>\n<p>        <img loading=\"lazy\" width=\"512\" height=\"512\" decoding=\"async\" style=\"width:42px;\" src=\"https:\/\/www.europesays.com\/de\/wp-content\/uploads\/2025\/04\/1744861831_262_4698570_email_inbox_letter_message_notifications_icon.png\"\/><\/p>\n<p>            <strong>Unseren KI-Morning-Newsletter \u00abDer KI<br \/>\n                News Espresso\u00bb mit den besten KI-News des letzten Tages gratis per eMail &#8211; ohne Werbung:<br \/>\n                <a style=\"color:#8351a9;\" href=\"https:\/\/www.it-boltwise.de\/ki-morning-newsletter\" rel=\"nofollow noopener\" target=\"_blank\">Hier kostenlos eintragen!<\/a><br \/>\n            <\/strong><\/p>\n<p><\/p>\n<p>        <a href=\"https:\/\/www.europesays.com\/de\/wp-content\/uploads\/2025\/05\/ai-sony-reon-pocket-pro.jpg\" class=\"itbw-article-image-container open-in-lightbox\" data-slb-active=\"1\" data-slb-asset=\"2102194793\" data-slb-internal=\"0\" data-slb-group=\"510094\"><br \/>\n            <img loading=\"lazy\" width=\"1024\" height=\"1024\" decoding=\"async\" itemprop=\"image\" src=\"https:\/\/www.europesays.com\/de\/wp-content\/uploads\/2025\/05\/ai-sony-reon-pocket-pro.jpg\" alt=\"Sony pr\u00e4sentiert verbesserte tragbare Klimager\u00e4te f\u00fcr den Sommer 2025\" title=\"Sony pr\u00e4sentiert verbesserte tragbare Klimager\u00e4te f\u00fcr den Sommer 2025\" class=\"open-in-lightbox size-full wp-image-510094\"\/><br \/>\n        <\/a>Sony pr\u00e4sentiert verbesserte tragbare Klimager\u00e4te f\u00fcr den Sommer 2025 (Foto: DALL-E, IT BOLTWISE)<\/p>\n<p>Erg\u00e4nzungen und Infos bitte an die Redaktion per eMail an de-info[at]it-boltwise.de. Da wir bei KI-erzeugten News und Inhalten selten auftretende KI-Halluzinationen nicht ausschlie\u00dfen k\u00f6nnen, bitten wir Sie bei Falschangaben und Fehlinformationen uns via eMail zu kontaktieren und zu informieren. Bitte vergessen Sie nicht in der eMail die Artikel-Headline zu nennen: <strong>&#8222;Sony pr\u00e4sentiert verbesserte tragbare Klimager\u00e4te f\u00fcr den Sommer 2025&#8220;<\/strong>.<\/p>\n","protected":false},"excerpt":{"rendered":"TOKIO \/ M\u00dcNCHEN (IT BOLTWISE) \u2013 In einer Zeit, in der extreme Wetterbedingungen immer h\u00e4ufiger werden, hat Sony&hellip;\n","protected":false},"author":2,"featured_media":125413,"comment_status":"","ping_status":"","sticky":false,"template":"","format":"standard","meta":{"footnotes":""},"categories":[135],"tags":[29,30,190,189,194,191,193,192],"class_list":{"0":"post-125412","1":"post","2":"type-post","3":"status-publish","4":"format-standard","5":"has-post-thumbnail","7":"category-wissenschaft-technik","8":"tag-deutschland","9":"tag-germany","10":"tag-science","11":"tag-science-technology","12":"tag-technik","13":"tag-technology","14":"tag-wissenschaft","15":"tag-wissenschaft-technik"},"share_on_mastodon":{"url":"https:\/\/pubeurope.com\/@de\/114540132729978522","error":""},"_links":{"self":[{"href":"https:\/\/www.europesays.com\/de\/wp-json\/wp\/v2\/posts\/125412","targetHints":{"allow":["GET"]}}],"collection":[{"href":"https:\/\/www.europesays.com\/de\/wp-json\/wp\/v2\/posts"}],"about":[{"href":"https:\/\/www.europesays.com\/de\/wp-json\/wp\/v2\/types\/post"}],"author":[{"embeddable":true,"href":"https:\/\/www.europesays.com\/de\/wp-json\/wp\/v2\/users\/2"}],"replies":[{"embeddable":true,"href":"https:\/\/www.europesays.com\/de\/wp-json\/wp\/v2\/comments?post=125412"}],"version-history":[{"count":0,"href":"https:\/\/www.europesays.com\/de\/wp-json\/wp\/v2\/posts\/125412\/revisions"}],"wp:featuredmedia":[{"embeddable":true,"href":"https:\/\/www.europesays.com\/de\/wp-json\/wp\/v2\/media\/125413"}],"wp:attachment":[{"href":"https:\/\/www.europesays.com\/de\/wp-json\/wp\/v2\/media?parent=125412"}],"wp:term":[{"taxonomy":"category","embeddable":true,"href":"https:\/\/www.europesays.com\/de\/wp-json\/wp\/v2\/categories?post=125412"},{"taxonomy":"post_tag","embeddable":true,"href":"https:\/\/www.europesays.com\/de\/wp-json\/wp\/v2\/tags?post=125412"}],"curies":[{"name":"wp","href":"https:\/\/api.w.org\/{rel}","templated":true}]}}