{"id":1254189,"date":"2026-08-22T21:58:17","date_gmt":"2026-08-22T21:58:17","guid":{"rendered":"https:\/\/www.europesays.com\/de\/1254189\/"},"modified":"2026-08-22T21:58:17","modified_gmt":"2026-08-22T21:58:17","slug":"triumph-im-supercup-fc-bayern-gewinnt-ersten-titel-gegen-borussia-dortmund","status":"publish","type":"post","link":"https:\/\/www.europesays.com\/de\/1254189\/","title":{"rendered":"Triumph im Supercup &#8211; FC Bayern gewinnt ersten Titel gegen Borussia Dortmund"},"content":{"rendered":"<p>            <img loading=\"lazy\" decoding=\"async\" class=\"ts-image\" src=\"https:\/\/www.europesays.com\/de\/wp-content\/uploads\/2026\/08\/supercup-bayern-muenchen-jubel-100.jpg\" alt=\"Manuel Neuer (v.) und die Spieler des FC Bayern M\u00fcnchen bejubeln den Gewinn des Supercups mit der Troph\u00e4e\" title=\"Manuel Neuer (v.) und die Spieler des FC Bayern M\u00fcnchen bejubeln den Gewinn des Supercups mit der Troph\u00e4e | WITTERS\"\/><\/p>\n<p class=\"metatextline\">Stand: 22.08.2026 \u2022 23:14 Uhr<\/p>\n<p class=\"article-head__shorttext\">\n        <strong>Der FC Bayern hat sich mit einem verdienten Sieg bei Borussia Dortmund den Franz Beckenbauer Supercup gesichert. Der BVB entwickelte zu sp\u00e4t den n\u00f6tigen Offensivgeist. <\/strong>\n    <\/p>\n<p>                                    <a class=\"authorline__link\" href=\"https:\/\/www.sportschau.de\/sendung\/reporter\/joerg-strohschein,autor-joerg-strohschein-100.html\" rel=\"nofollow noopener\" target=\"_blank\"><br \/>\n                                        <img decoding=\"async\" class=\"authorline__img\" alt=\"J\u00f6rg Strohschein\" src=\"https:\/\/www.europesays.com\/de\/wp-content\/uploads\/2026\/04\/joerg-strohschein-100.jpg\"\/><br \/>\n                                    <\/a><\/p>\n<p class=\"textabsatz m-ten m-offset-one l-eight l-offset-two columns twelve\">Den ersten Titel in dieser Saison hat der FC Bayern gewonnen: Der Meister und Pokalsieger aus M\u00fcnchen gewann am Smastag beim Vize-Meister Borussia Dortmund mit 2:1 (2:0) und sicherte sich den Franz Beckenbauer Supercup. Neben einem neuen Pokal nimmt der FCB auch eine Siegpr\u00e4mie von rund drei Millionen Euro mit zur\u00fcck in die Heimat.<\/p>\n<ul class=\"buttongroup buttongroup--copytext\">\n<li class=\"buttongroup__item\">\n<p>    <a class=\"btn btn--text btn--standard-secondary btn--fullwidth\" href=\"https:\/\/www.sportschau.de\/live-und-ergebnisse\/fussball\/deutschland-supercup\/ma12025496\/borussia-dortmund_bayern-muenchen\/liveticker\" rel=\"nofollow noopener\" target=\"_blank\"><br \/>\n        Borussia Dortmund &#8211; FC Bayern<\/p>\n<p>  Pfeil rechts<\/p>\n<p>    <\/a>\n<\/li>\n<\/ul>\n<p class=\"textabsatz m-ten m-offset-one l-eight l-offset-two columns twelve\">F\u00fcr die M\u00fcnchner trafen Nathaniel Brown (28.) und Michael Olise (45.+1). F\u00fcr den BVB Fabio Silva (75.). BVB-Verteidiger Ramy Bensebaini sah die Rote Karte (90).<\/p>\n<p class=\"textabsatz m-ten m-offset-one l-eight l-offset-two columns twelve\">Das Team von Trainer Vincent Kompany hat vor rund 82.000 Zuschauern deutlich gemacht, dass es nicht vorhat, dass sich herrschenden Machtverh\u00e4ltnisse im deutschen Fu\u00dfball ver\u00e4ndern. F\u00fcr den BVB war diese lange Zeit ern\u00fcchternde Partie eine Woche vor Saisonbeginn ein herber D\u00e4mpfer bei der Hoffnung, wom\u00f6glich deutlich n\u00e4her an den Rekordmeister heranger\u00fcckt zu sein.<\/p>\n<p class=\"textabsatz m-ten m-offset-one l-eight l-offset-two columns twelve\">&#8222;Heute konnten wir nicht viel mehr machen. Wir sind sehr zufrieden mit diesem Sieg. Wir m\u00fcssen jetzt auch weiter Titel gewinnen, das ist das Wichtigste&#8220;, sagte Bayern-Trainer Kompany bei Sat 1.<\/p>\n<p>    Noch nicht alle Karten auf dem Tisch<\/p>\n<p class=\"textabsatz m-ten m-offset-one l-eight l-offset-two columns twelve\">Verlieren wollte keines der beiden Teams, auch weil es um viel Prestige ging. Aber sowohl BVB-Trainer Niko Kovac als auch FCB-Coach Vincent Kompany legten noch lange nicht alle (Personal-) Karten auf den Tisch.<\/p>\n<p class=\"textabsatz m-ten m-offset-one l-eight l-offset-two columns twelve\">Beim BVB begannen Konstantinos Karetsas, f\u00fcr 30 Millionen Euro aus Belgien vom KRC Genk gekommen, und der Franzose Joane Gadou (19,5 Millionen\/RB Salzburg). Giannis Konstantelias und Joey Veerman bleiben zun\u00e4chst drau\u00dfen. Und bei den Bayern? Nationalspieler Brown spielte von Beginn an, Ismael Saibari sa\u00df hingegen auf der Ersatzbank.<\/p>\n<p class=\"textabsatz m-ten m-offset-one l-eight l-offset-two columns twelve\">Bei aller Rivalit\u00e4t: Zu viele interne Einblicke wollten die beiden Kontrahenten zu diesem fr\u00fchen Zeitpunkt dann noch nicht gew\u00e4hren &#8211; auch weil der ein oder andere Integrationsprozess bei den Neuzug\u00e4ngen auch noch Zeit ben\u00f6tigt.<\/p>\n<p>    Bayern \u00fcbernehmen Initiative<\/p>\n<p class=\"textabsatz m-ten m-offset-one l-eight l-offset-two columns twelve\">Die Bayern, bei denen WM-Teilnehmer wie etwa Harry Kane, Olise oder auch Luis Diaz trotz einer verk\u00fcrzten Vorbereitungszeit in der Startelf standen, \u00fcbernahmen zun\u00e4chst die Initiative. Der BVB verteidigte zun\u00e4chst sehr kompakt &#8211; und setzte selbst auf schnelles Umschaltspiel.<\/p>\n<p class=\"textabsatz m-ten m-offset-one l-eight l-offset-two columns twelve\">Da aber auch die Bayern nicht vorhatten, die Verteidigungsarbeit zu vernachl\u00e4ssigen, gab es f\u00fcr den BVB bis auf zwei ungenaue Torann\u00e4herungen keine nennenswerten Torchancen.<\/p>\n<p>    &#8222;Zehner&#8220; Brown trifft<\/p>\n<p class=\"textabsatz m-ten m-offset-one l-eight l-offset-two columns twelve\">Nach 27 Minuten zeigte dann allerdings Bayerns Neuzugang Brown, weshalb sich die M\u00fcnchner so viel vom Ex-Frankfurter versprechen. Nach Vorarbeit von Olise verwandelte der 23-J\u00e4hrige aus 15 Metern und zentraler Position eiskalt und unhaltbar ins rechte untere Toreck zum 1:0 f\u00fcr die G\u00e4ste. &#8222;Ich bin nicht so gut ins Spiel reingekommen. Das Tor hat mir sehr geholfen&#8220;, sagte Brown bei Sat 1.<\/p>\n<p class=\"textabsatz m-ten m-offset-one l-eight l-offset-two columns twelve\">Dass Brown so weit vorne in der Offensive auftauchte, war kein Zufall. Bei der WM musste Brown noch den linken Verteidiger geben, unter Kompany spielt Brown auf der Position Zehn in der Zentrale &#8211; und ersetzte dort <a href=\"https:\/\/www.sportschau.de\/regional\/br\/br-fcb-wusste-schon-laenger-von-musiala-diagnose-kane-besorgt-104.html\" title=\"BR24 Sport: FCB wusste schon l\u00e4nger von Musiala-Diagnose - Kane besorgt\" rel=\"nofollow noopener\" target=\"_blank\">Jamal Musiala, der wegen einer neurologischen Dysfunktion Absencen<\/a> erlebt und deshalb nicht im FCB-Kader ber\u00fccksichtigt wurde. Die Aufgabe schien Brown zu gefallen. Nicht nur bei seinem Torabschluss zeigte er sein fu\u00dfballerisches Verm\u00f6gen.<\/p>\n<p>    Olise trifft, \u00fcberforderter BVB<\/p>\n<p class=\"textabsatz m-ten m-offset-one l-eight l-offset-two columns twelve\">Nach dem ersten Treffer der Partie entwickelte sich eine offenere Partie, in der die M\u00fcnchner deutlich gef\u00e4hrlicher agierten &#8211; allerdings einige Chancen geradezu leichtfertig vergaben.<\/p>\n<p class=\"textabsatz m-ten m-offset-one l-eight l-offset-two columns twelve\">BVB-Torh\u00fcter Gregor Kobel musste erstmals richtig beim Schlenzer von Angreifer Luis Diaz (36.) eingreifen. Als Brown vier Minuten vor der Pause von halblinks alleine vor Kobel auftauchte, schloss der M\u00fcnchner zum Gl\u00fcck f\u00fcr den BVB zu ungenau ab. Und auch Olise (45.) verpasste es zun\u00e4chst, den zweiten Treffer zu erzielen.<\/p>\n<p class=\"textabsatz m-ten m-offset-one l-eight l-offset-two columns twelve\">Doch der Franzose nutzte gleich die n\u00e4chste Chance zum 2:0. Nach einem katastrophalen Fehlpass von BVB-Mittelfeldmann Jobe Bellingham schloss Olise ein Solo \u00fcber 40 Meter souver\u00e4n per Flachschuss ab. Die Dortmunder wirkten phasenweise \u00fcberfordert vom M\u00fcnchner Angriffswirbel.<\/p>\n<p>    Mehr Offensivgeist in H\u00e4lfte zwei, Tor von Silva<\/p>\n<p class=\"textabsatz m-ten m-offset-one l-eight l-offset-two columns twelve\">Den zweiten Durchgang gingen die Dortmunder dann deutlich mutiger und zielstrebiger in der Offensive an, was auch dringend notwendig war. Ihre Druckphase in den ersten 15 Minuten der zweiten H\u00e4lfte konnten sie aber nicht mit einem Torerfolg abschlie\u00dfen, auch weil FCB-Torh\u00fcter Manuel Neuer gl\u00e4nzend gegen Karetsas parierte.<\/p>\n<p class=\"textabsatz m-ten m-offset-one l-eight l-offset-two columns twelve\">Dem Kompany-Team gelang es, die Partie wieder in den Griff zu bekommen und zu beruhigen. Doch genau in diesem Moment schlugen die Dortmunder \u00fcberraschend zu. Nach einer sch\u00f6nen Kombination verwandelte Fabio Silva zum 1:2.<\/p>\n<p>    Beier vergibt letzte BVB-M\u00f6glichkeit<\/p>\n<p class=\"textabsatz m-ten m-offset-one l-eight l-offset-two columns twelve\">Im Anschluss versuchte das Kovac-Team, den Ausgleich zu erzielen, aber die Bayern schafften es den BVB &#8211; auch mit ein wenig Gl\u00fcck &#8211; in Schach zu halten. Maximilian Beier hatte die gro\u00dfe Chance zu Ausgleich auf dem Fu\u00df, vergab aber alleine vor Neuer. Die Dortmunder hatten allerdings zu sp\u00e4t die n\u00f6tige Energie entwickelt, um diese Partie f\u00fcr sich entscheiden zu k\u00f6nnen.<\/p>\n<p class=\"textabsatz m-ten m-offset-one l-eight l-offset-two columns twelve\">Zu allem \u00dcberfluss f\u00fcr den BVB bekam Bensebaini von Schiedrichter Daniel Schlager nach einem groben Foulspiel am sp\u00e4t eingewechselten M\u00fcnchner Saibari noch die Rote Karte gezeigt.<a href=\"https:\/\/www.sportschau.de\/fussball\/bundesliga\/bensebaini-muss-mit-sperre-im-dfb-pokal-rechnen,supercup-sperre-100.html\" title=\"Rot im Supercup: Bensebaini muss mit Sperre im DFB-Pokal rechnen\" rel=\"nofollow noopener\" target=\"_blank\"> Die Sperre, die gegen den Dortmunder ausgesprochen werden d\u00fcrfte, gilt f\u00fcr seine k\u00fcnftigen Eins\u00e4tze im DFB-Pokal. <\/a><\/p>\n<p class=\"textabsatz m-ten m-offset-one l-eight l-offset-two columns twelve\">Dort greifen Dortmund und Bayern erste nach dem Bundesliga-Start am kommenden Wochenende ein. Die Liga er\u00f6ffnet Meister Bayern M\u00fcnchen am Freitag (20.30 Uhr) gegen den VfB Stuttgart. Dortmund empf\u00e4ngt Samstagabend (18.30 Uhr) den Hamburger SV.<\/p>\n","protected":false},"excerpt":{"rendered":"Stand: 22.08.2026 \u2022 23:14 Uhr Der FC Bayern hat sich mit einem verdienten Sieg bei Borussia Dortmund den&hellip;\n","protected":false},"author":2,"featured_media":1254190,"comment_status":"","ping_status":"","sticky":false,"template":"","format":"standard","meta":{"footnotes":"","_share_on_mastodon":"0"},"categories":[5],"tags":[331,332,888,3364,29,458,30,13,14,15,12,52260],"class_list":["post-1254189","post","type-post","status-publish","format-standard","has-post-thumbnail","category-nachrichten","tag-aktuelle-nachrichten","tag-aktuelle-news","tag-borussia-dortmund","tag-de","tag-deutschland","tag-fc-bayern-muenchen","tag-germany","tag-headlines","tag-nachrichten","tag-news","tag-schlagzeilen","tag-supercup"],"share_on_mastodon":{"url":"https:\/\/pubeurope.com\/@de\/117141408998017848","error":""},"_links":{"self":[{"href":"https:\/\/www.europesays.com\/de\/wp-json\/wp\/v2\/posts\/1254189","targetHints":{"allow":["GET"]}}],"collection":[{"href":"https:\/\/www.europesays.com\/de\/wp-json\/wp\/v2\/posts"}],"about":[{"href":"https:\/\/www.europesays.com\/de\/wp-json\/wp\/v2\/types\/post"}],"author":[{"embeddable":true,"href":"https:\/\/www.europesays.com\/de\/wp-json\/wp\/v2\/users\/2"}],"replies":[{"embeddable":true,"href":"https:\/\/www.europesays.com\/de\/wp-json\/wp\/v2\/comments?post=1254189"}],"version-history":[{"count":0,"href":"https:\/\/www.europesays.com\/de\/wp-json\/wp\/v2\/posts\/1254189\/revisions"}],"wp:featuredmedia":[{"embeddable":true,"href":"https:\/\/www.europesays.com\/de\/wp-json\/wp\/v2\/media\/1254190"}],"wp:attachment":[{"href":"https:\/\/www.europesays.com\/de\/wp-json\/wp\/v2\/media?parent=1254189"}],"wp:term":[{"taxonomy":"category","embeddable":true,"href":"https:\/\/www.europesays.com\/de\/wp-json\/wp\/v2\/categories?post=1254189"},{"taxonomy":"post_tag","embeddable":true,"href":"https:\/\/www.europesays.com\/de\/wp-json\/wp\/v2\/tags?post=1254189"}],"curies":[{"name":"wp","href":"https:\/\/api.w.org\/{rel}","templated":true}]}}