{"id":1254218,"date":"2026-08-22T22:21:32","date_gmt":"2026-08-22T22:21:32","guid":{"rendered":"https:\/\/www.europesays.com\/de\/1254218\/"},"modified":"2026-08-22T22:21:32","modified_gmt":"2026-08-22T22:21:32","slug":"der-fc-bayern-besiegt-dortmund-und-gewinnt-den-supercup-sport","status":"publish","type":"post","link":"https:\/\/www.europesays.com\/de\/1254218\/","title":{"rendered":"Der FC Bayern besiegt Dortmund und gewinnt den Supercup &#8211; Sport"},"content":{"rendered":"<p data-manual=\"paragraph\" data-schema-org-speakable=\"true\" class=\"css-9njfp7\">Wenn die <a href=\"https:\/\/www.sueddeutsche.de\/thema\/Bundesliga\" rel=\"nofollow noopener\" target=\"_blank\">Bundesliga<\/a>\u00a0\u2013 in guten alten Zeiten Deutsche <a href=\"https:\/\/www.sueddeutsche.de\/thema\/Fu%C3%9Fball\" rel=\"nofollow noopener\" target=\"_blank\">Fu\u00dfball<\/a> Liga, DFL genannt\u00a0\u2013 den Supercup ausspielen l\u00e4sst, dann haben die Ultras Kurzurlaub. Es geh\u00f6rt zu den Gebr\u00e4uchen der orthodoxen Fans, dass sie diesem Wettbewerb die Anerkennung versagen, weil sie ihn f\u00fcr ein Kommerzprodukt halten, und so herrschte bei der j\u00fcngsten Auflage des Saisonprologs von Anfang an eine ged\u00e4mpfte, manchmal fast betretene Stimmung im Dortmunder Stadion, obwohl die heimische Borussia den Erzrivalen FC Bayern empfing.<\/p>\n","protected":false},"excerpt":{"rendered":"Wenn die Bundesliga\u00a0\u2013 in guten alten Zeiten Deutsche Fu\u00dfball Liga, DFL genannt\u00a0\u2013 den Supercup ausspielen l\u00e4sst, dann haben&hellip;\n","protected":false},"author":2,"featured_media":1254219,"comment_status":"","ping_status":"","sticky":false,"template":"","format":"standard","meta":{"footnotes":"","_share_on_mastodon":"0"},"categories":[1833],"tags":[888,299,3364,29,217,458,347,30,148,1209,265,149,52260],"class_list":["post-1254218","post","type-post","status-publish","format-standard","has-post-thumbnail","category-dortmund","tag-borussia-dortmund","tag-bundesliga","tag-de","tag-deutschland","tag-dortmund","tag-fc-bayern-muenchen","tag-fussball","tag-germany","tag-leserdiskussion","tag-nordrhein-westfalen","tag-sport","tag-sueddeutsche-zeitung","tag-supercup"],"share_on_mastodon":{"url":"https:\/\/pubeurope.com\/@de\/117141496567264007","error":""},"_links":{"self":[{"href":"https:\/\/www.europesays.com\/de\/wp-json\/wp\/v2\/posts\/1254218","targetHints":{"allow":["GET"]}}],"collection":[{"href":"https:\/\/www.europesays.com\/de\/wp-json\/wp\/v2\/posts"}],"about":[{"href":"https:\/\/www.europesays.com\/de\/wp-json\/wp\/v2\/types\/post"}],"author":[{"embeddable":true,"href":"https:\/\/www.europesays.com\/de\/wp-json\/wp\/v2\/users\/2"}],"replies":[{"embeddable":true,"href":"https:\/\/www.europesays.com\/de\/wp-json\/wp\/v2\/comments?post=1254218"}],"version-history":[{"count":0,"href":"https:\/\/www.europesays.com\/de\/wp-json\/wp\/v2\/posts\/1254218\/revisions"}],"wp:featuredmedia":[{"embeddable":true,"href":"https:\/\/www.europesays.com\/de\/wp-json\/wp\/v2\/media\/1254219"}],"wp:attachment":[{"href":"https:\/\/www.europesays.com\/de\/wp-json\/wp\/v2\/media?parent=1254218"}],"wp:term":[{"taxonomy":"category","embeddable":true,"href":"https:\/\/www.europesays.com\/de\/wp-json\/wp\/v2\/categories?post=1254218"},{"taxonomy":"post_tag","embeddable":true,"href":"https:\/\/www.europesays.com\/de\/wp-json\/wp\/v2\/tags?post=1254218"}],"curies":[{"name":"wp","href":"https:\/\/api.w.org\/{rel}","templated":true}]}}