{"id":1254230,"date":"2026-08-22T22:29:15","date_gmt":"2026-08-22T22:29:15","guid":{"rendered":"https:\/\/www.europesays.com\/de\/1254230\/"},"modified":"2026-08-22T22:29:15","modified_gmt":"2026-08-22T22:29:15","slug":"vfb-stuttgart-muss-erneut-auf-nartey-verzichten-baden-wuerttemberg","status":"publish","type":"post","link":"https:\/\/www.europesays.com\/de\/1254230\/","title":{"rendered":"VfB Stuttgart muss erneut auf Nartey verzichten &#8211; Baden-W\u00fcrttemberg"},"content":{"rendered":"<p class=\"rhp-dpa-teaser\"><b>Nikolas Nartey muss ein weiteres Mal pausieren. Das Pokalspiel bei Hansa Rostock endete bereits fr\u00fch f\u00fcr ihn. Nun gibt der VfB die Art der Verletzung bekannt.<\/b><\/p>\n<p><a class=\"rtr-entity\" data-rtr-entity=\"Stuttgart\" data-rtr-id=\"bdcb100100d1ee20d776dd903bb1110a54a1c3c4\" data-rtr-score=\"14.94267515923567\" data-rtr-etype=\"location\" data-rtr-index=\"5\" href=\"https:\/\/www.rheinpfalz.de\/themen\/stuttgart\" rel=\"nofollow noopener\" target=\"_blank\">Stuttgart<\/a> (dpa) &#8211; Der <a class=\"rtr-entity\" data-rtr-entity=\"VfB Stuttgart\" data-rtr-id=\"c4651409538f9d767fa5587f8fbaee6550d7a124\" data-rtr-score=\"58.089171974522294\" data-rtr-etype=\"organisation\" data-rtr-index=\"1\" href=\"https:\/\/www.rheinpfalz.de\/themen\/vfb-stuttgart\" rel=\"nofollow noopener\" target=\"_blank\">VfB Stuttgart<\/a> muss in den kommenden Wochen auf Nikolas Nartey verzichten. Der 26 Jahre alte Allrounder zog sich beim 4:0 in der ersten Runde des <a class=\"rtr-entity\" data-rtr-entity=\"DFB-Pokal\" data-rtr-id=\"570db33c491b88b3b3851171159b0e52c5d8dc53\" data-rtr-score=\"11.7515923566879\" data-rtr-etype=\"event\" data-rtr-index=\"4\" href=\"https:\/\/www.rheinpfalz.de\/themen\/dfb-pokal\" rel=\"nofollow noopener\" target=\"_blank\">DFB-Pokals<\/a> gegen den Drittligisten <a class=\"rtr-entity\" data-rtr-entity=\"Hansa Rostock\" data-rtr-id=\"1969686f5010f82e8a3d0d20ef3d6cf8c76a574c\" data-rtr-score=\"37.681528662420384\" data-rtr-etype=\"organisation\" data-rtr-index=\"2\" href=\"https:\/\/www.rheinpfalz.de\/themen\/hansa-rostock\" rel=\"nofollow noopener\" target=\"_blank\">Hansa Rostock<\/a> eine Muskelverletzung an der Oberschenkelr\u00fcckseite zu, wie der schw\u00e4bische Fu\u00dfball-Bundesligist mitteilte. Nartey hatte am Freitagabend bereits nach neun Spielminuten den Platz wieder verlassen m\u00fcssen.<\/p>\n<p>Narteys Zeit beim VfB war immer wieder von Verletzungen und R\u00fcckschl\u00e4gen \u00fcberschattet worden. Der zuletzt als Rechtsverteidiger aufgebotene d\u00e4nische Nationalspieler hatte Probleme an den Adduktoren, am Oberschenkel &#8211; und besonders am Knie. Wegen eines Knorpelschadens stand zwischenzeitlich sogar ein fr\u00fches Karriereende im Raum. Nun f\u00e4llt er erneut aus.<\/p>\n","protected":false},"excerpt":{"rendered":"Nikolas Nartey muss ein weiteres Mal pausieren. Das Pokalspiel bei Hansa Rostock endete bereits fr\u00fch f\u00fcr ihn. Nun&hellip;\n","protected":false},"author":2,"featured_media":1254231,"comment_status":"","ping_status":"","sticky":false,"template":"","format":"standard","meta":{"footnotes":"","_share_on_mastodon":"0"},"categories":[1830],"tags":[1634,299,3364,29,1264,28196,68959,347,30,4158,4823,29936,265,1441,2915],"class_list":["post-1254230","post","type-post","status-publish","format-standard","has-post-thumbnail","category-stuttgart","tag-baden-wuerttemberg","tag-bundesliga","tag-de","tag-deutschland","tag-dfb-pokal","tag-dpaticker","tag-drittligist","tag-fussball","tag-germany","tag-hansa-rostock","tag-meldung","tag-nikolas-nartey","tag-sport","tag-stuttgart","tag-vfb-stuttgart"],"share_on_mastodon":{"url":"https:\/\/pubeurope.com\/@de\/117141527985251204","error":""},"_links":{"self":[{"href":"https:\/\/www.europesays.com\/de\/wp-json\/wp\/v2\/posts\/1254230","targetHints":{"allow":["GET"]}}],"collection":[{"href":"https:\/\/www.europesays.com\/de\/wp-json\/wp\/v2\/posts"}],"about":[{"href":"https:\/\/www.europesays.com\/de\/wp-json\/wp\/v2\/types\/post"}],"author":[{"embeddable":true,"href":"https:\/\/www.europesays.com\/de\/wp-json\/wp\/v2\/users\/2"}],"replies":[{"embeddable":true,"href":"https:\/\/www.europesays.com\/de\/wp-json\/wp\/v2\/comments?post=1254230"}],"version-history":[{"count":0,"href":"https:\/\/www.europesays.com\/de\/wp-json\/wp\/v2\/posts\/1254230\/revisions"}],"wp:featuredmedia":[{"embeddable":true,"href":"https:\/\/www.europesays.com\/de\/wp-json\/wp\/v2\/media\/1254231"}],"wp:attachment":[{"href":"https:\/\/www.europesays.com\/de\/wp-json\/wp\/v2\/media?parent=1254230"}],"wp:term":[{"taxonomy":"category","embeddable":true,"href":"https:\/\/www.europesays.com\/de\/wp-json\/wp\/v2\/categories?post=1254230"},{"taxonomy":"post_tag","embeddable":true,"href":"https:\/\/www.europesays.com\/de\/wp-json\/wp\/v2\/tags?post=1254230"}],"curies":[{"name":"wp","href":"https:\/\/api.w.org\/{rel}","templated":true}]}}