{"id":1254253,"date":"2026-08-22T22:44:50","date_gmt":"2026-08-22T22:44:50","guid":{"rendered":"https:\/\/www.europesays.com\/de\/1254253\/"},"modified":"2026-08-22T22:44:50","modified_gmt":"2026-08-22T22:44:50","slug":"babylon-in-berlin-diamanti","status":"publish","type":"post","link":"https:\/\/www.europesays.com\/de\/1254253\/","title":{"rendered":"BABYLON in Berlin &#8211; Diamanti"},"content":{"rendered":"<p>\t\t\t\t\t\t\t <img decoding=\"async\" src=\"https:\/\/www.europesays.com\/de\/wp-content\/uploads\/2026\/08\/Diamanti.jpg\" alt=\"\" itemprop=\"image\"\/> <\/p>\n<p>Diamanti, Preview [OmU] I 2025, R: Ferzan Ozpetek mit Luisa Ranieri, Jasmine Trinca, Sara Bosi, 135 Min<\/p>\n<p>In den 1970er Jahren f\u00fchren Alberta (Luisa Ranieri) und Gabriella (Jasmine Trinca) in Rom eine Schneiderei mit Rang und Namen. Eines Tages flattert ein neuer Gro\u00dfauftrag rein. Unter der F\u00fchrung der beiden Schwestern soll die Schneiderei Kost\u00fcme f\u00fcr einen im 18. Jahrhundert spielenden Film zusammenkl\u00f6ppeln. Zeit gib es nicht gerade im \u00dcberfluss und die Anforderungen sind auch nicht gerade simpel. Doch der F\u00fchrungsstil von Alberta und Gabriella in dieser Drucksituation sorgt mitunter f\u00fcr Unmut in der Belegschaft, die neben der fordernden Arbeit noch ihre ganz eigenen Sorgen und N\u00f6te schultern m\u00fcssen.<\/p>\n","protected":false},"excerpt":{"rendered":"Diamanti, Preview [OmU] I 2025, R: Ferzan Ozpetek mit Luisa Ranieri, Jasmine Trinca, Sara Bosi, 135 Min In&hellip;\n","protected":false},"author":2,"featured_media":1254254,"comment_status":"","ping_status":"","sticky":false,"template":"","format":"standard","meta":{"footnotes":"","_share_on_mastodon":"0"},"categories":[1825],"tags":[27921,27669,296,27919,29,5561,30,27920,95,27924,27922,27925,27923,27926,3699],"class_list":["post-1254253","post","type-post","status-publish","format-standard","has-post-thumbnail","category-berlin","tag-anime","tag-babylon","tag-berlin","tag-cinemaperitivo","tag-deutschland","tag-festival","tag-germany","tag-indogerman","tag-kino","tag-kino-babylon","tag-kinoorgel","tag-rosa-luxemburg-strasse-30","tag-stummfilm","tag-timothy-grossman","tag-veranstaltung"],"share_on_mastodon":{"url":"https:\/\/pubeurope.com\/@de\/117141592693194638","error":""},"_links":{"self":[{"href":"https:\/\/www.europesays.com\/de\/wp-json\/wp\/v2\/posts\/1254253","targetHints":{"allow":["GET"]}}],"collection":[{"href":"https:\/\/www.europesays.com\/de\/wp-json\/wp\/v2\/posts"}],"about":[{"href":"https:\/\/www.europesays.com\/de\/wp-json\/wp\/v2\/types\/post"}],"author":[{"embeddable":true,"href":"https:\/\/www.europesays.com\/de\/wp-json\/wp\/v2\/users\/2"}],"replies":[{"embeddable":true,"href":"https:\/\/www.europesays.com\/de\/wp-json\/wp\/v2\/comments?post=1254253"}],"version-history":[{"count":0,"href":"https:\/\/www.europesays.com\/de\/wp-json\/wp\/v2\/posts\/1254253\/revisions"}],"wp:featuredmedia":[{"embeddable":true,"href":"https:\/\/www.europesays.com\/de\/wp-json\/wp\/v2\/media\/1254254"}],"wp:attachment":[{"href":"https:\/\/www.europesays.com\/de\/wp-json\/wp\/v2\/media?parent=1254253"}],"wp:term":[{"taxonomy":"category","embeddable":true,"href":"https:\/\/www.europesays.com\/de\/wp-json\/wp\/v2\/categories?post=1254253"},{"taxonomy":"post_tag","embeddable":true,"href":"https:\/\/www.europesays.com\/de\/wp-json\/wp\/v2\/tags?post=1254253"}],"curies":[{"name":"wp","href":"https:\/\/api.w.org\/{rel}","templated":true}]}}