{"id":1254298,"date":"2026-08-22T23:13:28","date_gmt":"2026-08-22T23:13:28","guid":{"rendered":"https:\/\/www.europesays.com\/de\/1254298\/"},"modified":"2026-08-22T23:13:28","modified_gmt":"2026-08-22T23:13:28","slug":"pol-mtk-95-jaehrige-aus-floersheim-vermisst","status":"publish","type":"post","link":"https:\/\/www.europesays.com\/de\/1254298\/","title":{"rendered":"POL-MTK: +++ 95-J\u00e4hrige aus Fl\u00f6rsheim vermisst +++"},"content":{"rendered":"<p class=\"date\">22.08.2026 \u2013 20:48<\/p>\n<p class=\"customer\">\n                        <a class=\"story-customer\" title=\"weiter zum newsroom von PD Main-Taunus - Polizeipr\u00e4sidium Westhessen\" href=\"https:\/\/www.presseportal.de\/blaulicht\/nr\/50154\" rel=\"nofollow noopener\" target=\"_blank\">PD Main-Taunus &#8211; Polizeipr\u00e4sidium Westhessen<\/a>\n                    <\/p>\n<p><a class=\"glightbox event-trigger\" href=\"https:\/\/cache.pressmailing.net\/thumbnail\/story_hires\/46f37a26-6f2c-4fa5-a9af-3aa9afc4cb95\/Fuhr1.jpg.jpg\" data-description=\"Vermisste Anne Gertrud Fuhr\" data-category=\"medialightbox\" data-action=\"click\" data-label=\"single\" data-value=\"6a89ef04270000fd2cab076a\" rel=\"nofollow noopener\" target=\"_blank\"><img decoding=\"async\" height=\"540\" with=\"720\" src=\"https:\/\/www.europesays.com\/de\/wp-content\/uploads\/2026\/08\/pol-mtk-95-j-hrige-aus-fl-rsheim-vermisst.jpeg\"   alt=\"POL-MTK: +++ 95-J\u00e4hrige aus Fl\u00f6rsheim vermisst +++\" class=\"single\"\/><\/a><\/p>\n<p><a data-category=\"citylink-story-view\" data-action=\"click\" data-label=\"Citylink in Meldungsansicht\" class=\"story-city event-trigger\" href=\"https:\/\/www.presseportal.de\/regional\/Hofheim\" title=\"News aus Hofheim \" rel=\"nofollow noopener\" target=\"_blank\">Hofheim<\/a> (ots)<\/p>\n<p>Fl\u00f6rsheim am Main, Im Br\u00fcckenfeld<\/p>\n<p>seit Samstag, 22.08.2026, 12:30 Uhr<\/p>\n<p>(mv) Seit heute Mittag gegen 12:30 Uhr wird die 95-j\u00e4hrige Anne Gertrud Fuhr aus Fl\u00f6rsheim am Main vermisst.<br \/>\nFrau fuhr verlie\u00df ihre Wohnanschrift in der Seniorenresidenz in unbekannte Richtung und kehrte bisher nicht zur\u00fcck.<br \/>\nFrau Fuhr ist dement, jedoch gut zu Fu\u00df unterwegs. Es ist zudem m\u00f6glich, dass sie die \u00f6ffentlichen Verkehrsmittel, insbesondere den Zug nutzt.<\/p>\n<p>Frau Fuhr ist schlank, hat wei\u00dfe, k\u00fcrzere Haare, ist ca. 1,60 m gro\u00df und bekleidet mit einem creme-farbenen Pullover, beiger Hose und braunen Lederschuhen.<\/p>\n<p>Hinweise zum Aufenthaltsort der Vermissten nimmt die Polizei in Fl\u00f6rsheim unter der Telefonnummer 06145 &#8211; 54760 oder jede andere Polizeidienststelle entgegen.<\/p>\n<p class=\"contact-headline\">R\u00fcckfragen bitte an:<\/p>\n<p class=\"contact-text\">Polizeipr\u00e4sidium Westhessen &#8211; Wiesbaden<br \/>Konrad-Adenauer-Ring 51<br \/>65187 Wiesbaden<br \/><a href=\"https:\/\/www.presseportal.de\/blaulicht\/pm\/50154\/mailto:KvD.Hofheim.ppwh@polizei.hessen.de\" class=\"uri-mailto\" rel=\"nofollow noopener\" target=\"_blank\">KvD.Hofheim.ppwh@polizei.hessen.de<\/a><br \/>Telefon: (06192) 2079-0<br \/>E-Mail: <a href=\"https:\/\/www.presseportal.de\/blaulicht\/pm\/50154\/mailto:KvD.Hofheim.ppwh@polizei.hessen.de\" class=\"uri-mailto\" rel=\"nofollow noopener\" target=\"_blank\">KvD.Hofheim.ppwh@polizei.hessen.de<\/a><\/p>\n<p class=\"originator\">Original-Content von: PD Main-Taunus &#8211; Polizeipr\u00e4sidium Westhessen, \u00fcbermittelt durch news aktuell<\/p>\n","protected":false},"excerpt":{"rendered":"22.08.2026 \u2013 20:48 PD Main-Taunus &#8211; Polizeipr\u00e4sidium Westhessen Hofheim (ots) Fl\u00f6rsheim am Main, Im Br\u00fcckenfeld seit Samstag, 22.08.2026,&hellip;\n","protected":false},"author":2,"featured_media":1254299,"comment_status":"","ping_status":"","sticky":false,"template":"","format":"standard","meta":{"footnotes":"","_share_on_mastodon":"0"},"categories":[1847],"tags":[3364,29,548,663,3934,30,1087,13,2052,177,14,15,121,178,180,179,181,12,4544],"class_list":["post-1254298","post","type-post","status-publish","format-standard","has-post-thumbnail","category-wiesbaden","tag-de","tag-deutschland","tag-eu","tag-europa","tag-europe","tag-germany","tag-he","tag-headlines","tag-hessen","tag-kriminalitt","tag-nachrichten","tag-news","tag-polizei","tag-presse","tag-pressemeldung","tag-pressemitteilung","tag-pressemitteilungen","tag-schlagzeilen","tag-wiesbaden"],"share_on_mastodon":{"url":"https:\/\/pubeurope.com\/@de\/117141702919779400","error":""},"_links":{"self":[{"href":"https:\/\/www.europesays.com\/de\/wp-json\/wp\/v2\/posts\/1254298","targetHints":{"allow":["GET"]}}],"collection":[{"href":"https:\/\/www.europesays.com\/de\/wp-json\/wp\/v2\/posts"}],"about":[{"href":"https:\/\/www.europesays.com\/de\/wp-json\/wp\/v2\/types\/post"}],"author":[{"embeddable":true,"href":"https:\/\/www.europesays.com\/de\/wp-json\/wp\/v2\/users\/2"}],"replies":[{"embeddable":true,"href":"https:\/\/www.europesays.com\/de\/wp-json\/wp\/v2\/comments?post=1254298"}],"version-history":[{"count":0,"href":"https:\/\/www.europesays.com\/de\/wp-json\/wp\/v2\/posts\/1254298\/revisions"}],"wp:featuredmedia":[{"embeddable":true,"href":"https:\/\/www.europesays.com\/de\/wp-json\/wp\/v2\/media\/1254299"}],"wp:attachment":[{"href":"https:\/\/www.europesays.com\/de\/wp-json\/wp\/v2\/media?parent=1254298"}],"wp:term":[{"taxonomy":"category","embeddable":true,"href":"https:\/\/www.europesays.com\/de\/wp-json\/wp\/v2\/categories?post=1254298"},{"taxonomy":"post_tag","embeddable":true,"href":"https:\/\/www.europesays.com\/de\/wp-json\/wp\/v2\/tags?post=1254298"}],"curies":[{"name":"wp","href":"https:\/\/api.w.org\/{rel}","templated":true}]}}