{"id":1254391,"date":"2026-08-23T00:17:18","date_gmt":"2026-08-23T00:17:18","guid":{"rendered":"https:\/\/www.europesays.com\/de\/1254391\/"},"modified":"2026-08-23T00:17:18","modified_gmt":"2026-08-23T00:17:18","slug":"energie-cottbus-wollitz-mutige-wechsel-reichen-gegen-augsburg-nicht-brandenburg","status":"publish","type":"post","link":"https:\/\/www.europesays.com\/de\/1254391\/","title":{"rendered":"Energie Cottbus: Wollitz\u2019 mutige Wechsel reichen gegen Augsburg nicht | Brandenburg"},"content":{"rendered":"<p><b>FCA-Trainer Manuel Baum (46) bereitete seine Mannschaft mit <\/b><a href=\"https:\/\/www.bz-berlin.de\/thema\/energie-cottbus\" class=\"text-link\" rel=\"nofollow noopener\" target=\"_blank\"><b>Energie<\/b><\/a><b>-Fanges\u00e4ngen aus einer XXL-Musikanlage beim Training vorab auf die hitzige Lausitzer Atmosph\u00e4re vor. Und obwohl sich die Stimmung nur schwer simulieren l\u00e4sst und die Augsburger lange beeindruckt von der Kulisse sind, gewinnen sie am Ende schmeichelhaft 2:0 (0:0).<\/b><\/p>\n<p>Bitter f\u00fcr Energie: Der FCE bestimmt die Partie und erspielt sich die besseren Chancen. In der 36. Minute muss das 1:0 f\u00fcr den Zweitligisten fallen. Hannemann l\u00e4uft nach einem Steckpass allein auf FCA-Keeper Dahmen zu, vergibt aber kl\u00e4glich. Erstklassig dagegen, was von den R\u00e4ngen kommt. Die Stimmung in der Lausitz ist Pokal pur!<\/p>\n<p><img decoding=\"async\" width=\"992\" height=\"558\" alt=\"Die Energie-Fans lassen zu Beginn bei einer Choreo die Puppen tanzen\" loading=\"lazy\" src=\"https:\/\/www.europesays.com\/de\/wp-content\/uploads\/2026\/08\/43c6d68522f1470903f06b44d2203799,b4e75b2f.webp\"   class=\"landscape\"\/><\/p>\n<p class=\"fig__caption__text\">Die Energie-Fans lassen zu Beginn bei einer Choreo die Puppen tanzen. Als Anspielung auf das Kult-Kinder-Theater Augsburger Puppenkiste<\/p>\n<p>Foto: Robert Michael\/dpa<\/p>\n<p>Nach der Pause dann der Schock. Cottbus kommt unsortiert aus der Kabine, Augsburg schl\u00e4gt eiskalt zu. Gregoritsch verl\u00e4ngert stark in die Spitze, Kade setzt sich mit einem Haken durch und schiebt zum 0:1 ein (49.). Doch auch danach bleibt Energie die bessere Mannschaft, das n\u00f6tige Gl\u00fcck fehlt. Mit dem Schlusspfiff erh\u00f6ht der FCA durch Jakic noch auf 0:2 (90.).<\/p>\n<p>Schlaue Wollitz-Wechsel zu Beginn<\/p>\n<p>Nach dem desastr\u00f6sen 0:3 in der 2. Liga gegen Bielefeld zog Trainer <a href=\"https:\/\/www.bz-berlin.de\/brandenburg\/energie-cottbus-claus-dieter-wollitz-lockt-ex-hertha-star-6a881c4f89ff002330aa21f1\" class=\"text-link\" rel=\"nofollow noopener\" target=\"_blank\">Claus-Dieter Wollitz <\/a>(61) mutige, aber richtige Konsequenzen. Erlein r\u00fcckte aus dem Abwehrzentrum nach rechts, Borgmann \u00fcbernahm die linke Seite. Doumbia und King Manu in der Innenverteidigung. Im Mittelfeld ersetzte Pelivan den gesperrten Bittencourt, der noch eine Pokalsperre aus Bremer Zeiten absitzen musste. Die gr\u00f6\u00dfte \u00dcberraschung: Kapit\u00e4n Cigerci sa\u00df zun\u00e4chst drau\u00dfen. Stattdessen durften Kinsombi und Guttau ran.<\/p>\n<p><img decoding=\"async\" width=\"992\" height=\"558\" alt=\"Energie-Trainer Claus-Dieter Wollitz\" loading=\"lazy\" src=\"https:\/\/www.europesays.com\/de\/wp-content\/uploads\/2026\/08\/340c13502cd2118deb63a9f5265517d0,67847589.webp\"   class=\"landscape\"\/><\/p>\n<p class=\"fig__caption__text\">Energie-Trainer Claus-Dieter Wollitz<\/p>\n<p>Foto: Robert Michael\/dpa<\/p>\n<p>Und die Ma\u00dfnahmen griffen! Energie war im Vergleich zur Bielefeld-Pleite kaum wiederzuerkennen, spielte mutig, aggressiv und mit deutlich mehr Zugriff. Auch wenn am Ende eine unverdiente Niederlage steht: Spielerisch war es ein Schritt nach vorn.<\/p>\n<p>Haben Sie einen Fehler in diesem Artikel entdeckt? Dann schreiben Sie uns gern: <a href=\"mailto:fehler.melden@bz.de?body=%0A%0A%0AURL%3A%20https%3A%2F%2Fwww.bz-berlin.de%2Fbrandenburg%2Fenergie-cottbus-wollitz-mutige-wechsel-reichen-gegen-augsburg-nicht-6a899f261c4720d41654843c%0ADatum%3A%2023.8.2026%2C%2002%3A17%3A00%0A\" target=\"_blank\" rel=\"noopener\" class=\"anchor anchor--external\">fehler.melden@bz.de.<\/a><\/p>\n","protected":false},"excerpt":{"rendered":"FCA-Trainer Manuel Baum (46) bereitete seine Mannschaft mit Energie-Fanges\u00e4ngen aus einer XXL-Musikanlage beim Training vorab auf die hitzige&hellip;\n","protected":false},"author":2,"featured_media":1254392,"comment_status":"","ping_status":"","sticky":false,"template":"","format":"standard","meta":{"footnotes":"","_share_on_mastodon":"0"},"categories":[1816],"tags":[1960,1958,1959,1957,1956,1890,29,2364,1149,483,30],"class_list":["post-1254391","post","type-post","status-publish","format-standard","has-post-thumbnail","category-brandenburg","tag-aktuelle-nachrichten-aus-berlin-und-brandenburg","tag-aktuelle-nachrichten-aus-brandenburg","tag-aktuelle-news-aus-berlin-und-brandenburg","tag-aktuelle-news-aus-brandenburg","tag-berlin-und-brandenburg","tag-brandenburg","tag-deutschland","tag-dfb-pokalfinale","tag-energie","tag-fc-augsburg","tag-germany"],"share_on_mastodon":{"url":"https:\/\/pubeurope.com\/@de\/117141954525495828","error":""},"_links":{"self":[{"href":"https:\/\/www.europesays.com\/de\/wp-json\/wp\/v2\/posts\/1254391","targetHints":{"allow":["GET"]}}],"collection":[{"href":"https:\/\/www.europesays.com\/de\/wp-json\/wp\/v2\/posts"}],"about":[{"href":"https:\/\/www.europesays.com\/de\/wp-json\/wp\/v2\/types\/post"}],"author":[{"embeddable":true,"href":"https:\/\/www.europesays.com\/de\/wp-json\/wp\/v2\/users\/2"}],"replies":[{"embeddable":true,"href":"https:\/\/www.europesays.com\/de\/wp-json\/wp\/v2\/comments?post=1254391"}],"version-history":[{"count":0,"href":"https:\/\/www.europesays.com\/de\/wp-json\/wp\/v2\/posts\/1254391\/revisions"}],"wp:featuredmedia":[{"embeddable":true,"href":"https:\/\/www.europesays.com\/de\/wp-json\/wp\/v2\/media\/1254392"}],"wp:attachment":[{"href":"https:\/\/www.europesays.com\/de\/wp-json\/wp\/v2\/media?parent=1254391"}],"wp:term":[{"taxonomy":"category","embeddable":true,"href":"https:\/\/www.europesays.com\/de\/wp-json\/wp\/v2\/categories?post=1254391"},{"taxonomy":"post_tag","embeddable":true,"href":"https:\/\/www.europesays.com\/de\/wp-json\/wp\/v2\/tags?post=1254391"}],"curies":[{"name":"wp","href":"https:\/\/api.w.org\/{rel}","templated":true}]}}