{"id":1254421,"date":"2026-08-23T00:38:20","date_gmt":"2026-08-23T00:38:20","guid":{"rendered":"https:\/\/www.europesays.com\/de\/1254421\/"},"modified":"2026-08-23T00:38:20","modified_gmt":"2026-08-23T00:38:20","slug":"volkswagen-vor-schicksalswoche-vw-chef-blume-verlangt-schulterschluss-der-mitarbeiter","status":"publish","type":"post","link":"https:\/\/www.europesays.com\/de\/1254421\/","title":{"rendered":"Volkswagen vor Schicksalswoche: VW-Chef Blume verlangt Schulterschluss der Mitarbeiter"},"content":{"rendered":"<p>Volkswagen vor SchicksalswocheVW-Chef Blume verlangt Schulterschluss der Mitarbeiter  <\/p>\n<p>23.08.2026, 00:56 Uhr <\/p>\n<p>Artikel anh\u00f6ren(03:44 min)<\/p>\n<p><img decoding=\"async\" class=\"Image_img__fQCi0 Image_Img_16_9__4BLfH widget-picture-inline_maximizable__t_E7h\" loading=\"eager\" fetchpriority=\"high\" src=\"https:\/\/www.europesays.com\/de\/wp-content\/uploads\/2026\/08\/Oliver-Blume-Vorstandsvorsitzender-der-Volkswagen-Group-kommt-nach-einem-Treffen-mit-dem-Bundesumwel.webp\" alt=\"Oliver-Blume-Vorstandsvorsitzender-der-Volkswagen-Group-kommt-nach-einem-Treffen-mit-dem-Bundesumweltminister-zu-einem-Pressestatement\"\/>VW-Chef Blume ist mit seinem Konzern &#8222;mittendrin in der Mega-Krise&#8220;. (Foto: picture alliance\/dpa)<\/p>\n<p class=\"Typography_text-m__XI0da Typography_weight-bold__uT6mq storyline_lead_text_leadtext__q_wg8\">Volkswagen stehen bittere Wahrheiten bevor: Bis zu 50.000 Stellen k\u00f6nnten wegfallen, Werke stehen auf der Kippe. Angesichts des enormen Spardrucks verlangt VW-Chef Blume von den Angestellten geschlossene Gefolgschaft. Die IG Metall spricht von einer Ohrfeige f\u00fcr die Belegschaft. <\/p>\n<p class=\"Typography_text-default__P3otY Typography_weight-normal__pqUbH storyline_paragraph_p__qSR5N\">Volkswagen-Konzernchef Oliver Blume hat die Belegschaft angesichts der Branchenkrise und der bei VW geplanten tiefgreifenden Einschnitte zu vollkommenem Zusammenhalt aufgerufen. &#8222;Auf die n\u00e4chsten Wochen kommt es an: Alle m\u00fcssen mitziehen&#8220;, sagte Blume der &#8222;Bild am Sonntag&#8220;. &#8222;Wir haben den gr\u00f6\u00dften Transformationsplan in der Geschichte des Volkswagen-Konzerns aufgesetzt.&#8220; Kommende Woche findet eine Reihe von au\u00dferordentlichen Betriebsversammlungen statt. Am Dienstag in Wolfsburg sowie am Mittwoch in Emden und Zwickau will Blume pers\u00f6nlich daran teilnehmen.\u00a0<\/p>\n<p class=\"Typography_text-default__P3otY Typography_weight-normal__pqUbH storyline_paragraph_p__qSR5N\">&#8222;Die n\u00e4chsten Jahre sind entscheidend, wer im Rennen bleibt und wer an die Spitze f\u00e4hrt&#8220;, betonte Blume in der &#8222;BamS&#8220;. Die Ursachen f\u00fcr den enormen Spardruck sieht er in einem fundamentalen Marktwandel und globalen Verwerfungen. &#8222;Die weltweite Autoindustrie ist in einer Mega-Krise. Und der Volkswagen Konzern ist mittendrin&#8220;, sagte er. &#8222;Geopolitik, Handelsbarrieren, Regulatorik, schwache M\u00e4rkte und massiver Wettbewerb&#8220; seien eine Herausforderung f\u00fcr &#8222;alle&#8220;.\u00a0<\/p>\n<p class=\"Typography_text-default__P3otY Typography_weight-normal__pqUbH storyline_paragraph_p__qSR5N\">Die Arbeitnehmerseite hatte vor den Werksferien Details zu den Sparpl\u00e4nen und Entlassungen verlangt. Nach tagelangen Berichten \u00fcber m\u00f6gliche Stellenstreichungen hatte Blume Mitte Juli in einem im Intranet des Konzerns ver\u00f6ffentlichten Interview von weltweit etwa 50.000 abzubauenden Stellen gesprochen, um die Gemeinkosten auf ein &#8222;wettbewerbsf\u00e4higes Niveau&#8220; zu bringen.\u00a0Bei diesen Kosten habe VW im Vergleich zum Durchschnitt vergleichbarer Unternehmen &#8222;einen Nachteil von rund 20 Prozent&#8220;, sagte er. &#8222;Da die H\u00e4lfte der Gemeinkosten aus den Personalkosten resultiert, w\u00fcrde eine theoretische Ableitung ohne Ver\u00e4nderung der Arbeitskosten rund 50.000 Stellen weltweit ergeben.&#8220;\u00a0Die VW-Werke Emden, Hannover, Zwickau und Neckarsulm stehen auf der Kippe.\u00a0<\/p>\n<p>&#8222;Renditeziele sind unrealistisch&#8220;<\/p>\n<p class=\"Typography_text-default__P3otY Typography_weight-normal__pqUbH storyline_paragraph_p__qSR5N\">Am Freitag hatte die\u00a0Vorsitzende der IG Metall und Vize-Aufsichtsratschefin von Volkswagen, Christine Benner,\u00a0Blumes\u00a0Renditeziele unrealistisch\u00a0genannt. Die Konzernpl\u00e4ne f\u00fcr k\u00fcnftige Renditen glichen einem &#8222;Wolkenkuckucksheim&#8220;, sagte Benner der &#8222;Wirtschaftswoche. Wie &#8222;soll denn der Volkswagen-Konzern unter den derzeitigen geopolitischen Bedingungen eine operative Umsatzrendite von neun Prozent schaffen, von der in den Medien zu lesen war?&#8220;\u00a0<\/p>\n<p class=\"Typography_text-default__P3otY Typography_weight-normal__pqUbH storyline_paragraph_p__qSR5N\">Benner fuhr fort: &#8222;Wenn der Vorstand solche Ziele ausgibt, dann hat\u00a0das massive R\u00fcckwirkungen\u00a0auf die Modellpolitik, auf die Werke.&#8220; Sie forderte den VW-Vorstand dazu auf, seine Sparpl\u00e4ne zu \u00fcberarbeiten. &#8222;Bevor der Aufsichtsrat den Pl\u00e4nen des Vorstands zustimmen kann, muss der Vorstand seine Pl\u00e4ne deutlich konkretisieren und anpassen. Wir wollen wissen: Um welche Modelle geht es, wie sollen die Ziele erreicht werden?&#8220;\u00a0<\/p>\n<p class=\"Typography_text-default__P3otY Typography_weight-normal__pqUbH storyline_paragraph_p__qSR5N\">Die Gewerkschaftsvorsitzende sprach sich erneut gegen Werksschlie\u00dfungen aus. &#8222;Werksschlie\u00dfungen gehen mit uns nicht. Die Besch\u00e4ftigten haben Perspektiven verdient. Deshalb schauen wir bei Volkswagen aktuell in alle Ecken.&#8220;\u00a0Die neuen Sparideen des Vorstands h\u00e4tten die Vertrauenskultur bei Volkswagen zerst\u00f6rt, sagte Benner der &#8222;Wirtschaftswoche&#8220;: &#8222;Die Belegschaft musste bereits heftige und schmerzhafte Einschnitte hinnehmen und kriegt direkt die n\u00e4chste Ohrfeige.&#8220;\u00a0<\/p>\n<p class=\"Typography_text-s__wu_cm Typography_weight-normal__pqUbH Typography_color-darkgrey__sZEnP article-detail-footer_source__KslPc\">Quelle: ntv.de, mau\/AFP<\/p>\n","protected":false},"excerpt":{"rendered":"Volkswagen vor SchicksalswocheVW-Chef Blume verlangt Schulterschluss der Mitarbeiter 23.08.2026, 00:56 Uhr Artikel anh\u00f6ren(03:44 min) VW-Chef Blume ist mit&hellip;\n","protected":false},"author":2,"featured_media":1254422,"comment_status":"","ping_status":"","sticky":false,"template":"","format":"standard","meta":{"footnotes":"","_share_on_mastodon":"0"},"categories":[134],"tags":[175,170,169,29,30,744,171,174,31305,18769,111519,19726,173,172,373,55],"class_list":["post-1254421","post","type-post","status-publish","format-standard","has-post-thumbnail","category-unternehmen-maerkte","tag-business","tag-companies","tag-companies-markets","tag-deutschland","tag-germany","tag-ig-metall","tag-markets","tag-maerkte","tag-oliver-blume","tag-sparkurs","tag-sparprogramm","tag-stellenabbau","tag-unternehmen","tag-unternehmen-maerkte","tag-volkswagen","tag-wirtschaft"],"share_on_mastodon":{"url":"https:\/\/pubeurope.com\/@de\/117142035588274817","error":""},"_links":{"self":[{"href":"https:\/\/www.europesays.com\/de\/wp-json\/wp\/v2\/posts\/1254421","targetHints":{"allow":["GET"]}}],"collection":[{"href":"https:\/\/www.europesays.com\/de\/wp-json\/wp\/v2\/posts"}],"about":[{"href":"https:\/\/www.europesays.com\/de\/wp-json\/wp\/v2\/types\/post"}],"author":[{"embeddable":true,"href":"https:\/\/www.europesays.com\/de\/wp-json\/wp\/v2\/users\/2"}],"replies":[{"embeddable":true,"href":"https:\/\/www.europesays.com\/de\/wp-json\/wp\/v2\/comments?post=1254421"}],"version-history":[{"count":0,"href":"https:\/\/www.europesays.com\/de\/wp-json\/wp\/v2\/posts\/1254421\/revisions"}],"wp:featuredmedia":[{"embeddable":true,"href":"https:\/\/www.europesays.com\/de\/wp-json\/wp\/v2\/media\/1254422"}],"wp:attachment":[{"href":"https:\/\/www.europesays.com\/de\/wp-json\/wp\/v2\/media?parent=1254421"}],"wp:term":[{"taxonomy":"category","embeddable":true,"href":"https:\/\/www.europesays.com\/de\/wp-json\/wp\/v2\/categories?post=1254421"},{"taxonomy":"post_tag","embeddable":true,"href":"https:\/\/www.europesays.com\/de\/wp-json\/wp\/v2\/tags?post=1254421"}],"curies":[{"name":"wp","href":"https:\/\/api.w.org\/{rel}","templated":true}]}}