{"id":1254429,"date":"2026-08-23T00:42:17","date_gmt":"2026-08-23T00:42:17","guid":{"rendered":"https:\/\/www.europesays.com\/de\/1254429\/"},"modified":"2026-08-23T00:42:17","modified_gmt":"2026-08-23T00:42:17","slug":"sr-de-atv-dudweiler-feierte-richtfest-der-umgebauten-halle","status":"publish","type":"post","link":"https:\/\/www.europesays.com\/de\/1254429\/","title":{"rendered":"SR.de: ATV Dudweiler feierte Richtfest der umgebauten Halle"},"content":{"rendered":"<p>Am Alten Stadtweg 81 ist die neue Sportst\u00e4tte des ATV Dudweiler, das Athletikum, entstanden. Bislang waren dort eine Gastst\u00e4tte und ein kleiner Gymnastiksaal. Als der P\u00e4chter aufgab, hat der Verein sich entschieden, die Halle komplett selbst zu nutzen.<\/p>\n<p>                          Sport- und Seminarst\u00e4tte<\/p>\n<p>Ein Jahr lang wurde an der Halle in Dudweiler gebaut. Der <a href=\"https:\/\/www.atv-dudweiler.de\/\" title=\"\" target=\"_blank\" rel=\"nofollow noopener\">Allgemeine Turnverein von 1882 e.V.<\/a>, der ATV Dudweiler, hatte es zuvor geschafft, eine Viertel Million Euro aufzubringen. Unter anderem durch den Verkauf eines Teils des Vereinssportplatzes. Bei den Bauarbeiten wurden nat\u00fcrlich die verschiedenen Gewerke eingesetzt. Es haben aber auch viele Vereinsmitglieder angepackt. <\/p>\n<p>Bauleiter des Projekts war der zweite Vorsitzende Gunter Maier. Die Halle ist nun multifunktional, kann etwa auch als Seminarst\u00e4tte genutzt werden. Dieser soll auch an Au\u00dfenstehende vermietet werden, zum Beispiel an Theatergruppen. <\/p>\n<p>                          Jetzt werden noch \u00dcbungsleiter gesucht<\/p>\n<p>Maier zeigt sich froh und erleichtert, dass der Verein nun die neue Halle nutzen kann. Denn das Richtfest bedeutet zugleich auch die Einweihung. Was dem Verein jetzt noch fehlt, sind \u00dcbungsleiter. Die sucht der ATV, so die Vorstandsvorsitzende Insa Michel-Litea, sogar h\u00e4nderingend. <\/p>\n<p>Der ATV Dudweiler bietet nach eigenen Angaben rund 700 Mitgliedern ein vielseitiges Sportangebot: vom Kinderturnen \u00fcber Aerobic und Fitness bis zu Judo, Karate und Kendo. <\/p>\n<p>Ein Thema in der Sendung \u201eRegion am Mittag\u201c am 22.08.2026 auf SR 3 Saarlandwelle.<\/p>\n","protected":false},"excerpt":{"rendered":"Am Alten Stadtweg 81 ist die neue Sportst\u00e4tte des ATV Dudweiler, das Athletikum, entstanden. Bislang waren dort eine&hellip;\n","protected":false},"author":2,"featured_media":1254430,"comment_status":"","ping_status":"","sticky":false,"template":"","format":"standard","meta":{"footnotes":"","_share_on_mastodon":"0"},"categories":[1860],"tags":[118835,259496,3364,29,259498,259497,10184,548,663,3934,30,4062,17332,13,14,15,20253,17331,860,12,37032],"class_list":["post-1254429","post","type-post","status-publish","format-standard","has-post-thumbnail","category-halle-saale","tag-250-000","tag-atv-dudweiler","tag-de","tag-deutschland","tag-dudweiler","tag-eigenmittel","tag-einweihung","tag-eu","tag-europa","tag-europe","tag-germany","tag-halle","tag-halle-saale","tag-headlines","tag-nachrichten","tag-news","tag-richtfest","tag-saale","tag-sachsen-anhalt","tag-schlagzeilen","tag-turnverein"],"share_on_mastodon":{"url":"https:\/\/pubeurope.com\/@de\/117142051032380277","error":""},"_links":{"self":[{"href":"https:\/\/www.europesays.com\/de\/wp-json\/wp\/v2\/posts\/1254429","targetHints":{"allow":["GET"]}}],"collection":[{"href":"https:\/\/www.europesays.com\/de\/wp-json\/wp\/v2\/posts"}],"about":[{"href":"https:\/\/www.europesays.com\/de\/wp-json\/wp\/v2\/types\/post"}],"author":[{"embeddable":true,"href":"https:\/\/www.europesays.com\/de\/wp-json\/wp\/v2\/users\/2"}],"replies":[{"embeddable":true,"href":"https:\/\/www.europesays.com\/de\/wp-json\/wp\/v2\/comments?post=1254429"}],"version-history":[{"count":0,"href":"https:\/\/www.europesays.com\/de\/wp-json\/wp\/v2\/posts\/1254429\/revisions"}],"wp:featuredmedia":[{"embeddable":true,"href":"https:\/\/www.europesays.com\/de\/wp-json\/wp\/v2\/media\/1254430"}],"wp:attachment":[{"href":"https:\/\/www.europesays.com\/de\/wp-json\/wp\/v2\/media?parent=1254429"}],"wp:term":[{"taxonomy":"category","embeddable":true,"href":"https:\/\/www.europesays.com\/de\/wp-json\/wp\/v2\/categories?post=1254429"},{"taxonomy":"post_tag","embeddable":true,"href":"https:\/\/www.europesays.com\/de\/wp-json\/wp\/v2\/tags?post=1254429"}],"curies":[{"name":"wp","href":"https:\/\/api.w.org\/{rel}","templated":true}]}}