{"id":1254454,"date":"2026-08-23T00:59:04","date_gmt":"2026-08-23T00:59:04","guid":{"rendered":"https:\/\/www.europesays.com\/de\/1254454\/"},"modified":"2026-08-23T00:59:04","modified_gmt":"2026-08-23T00:59:04","slug":"spiel-gedreht-karlsruhe-schlaegt-muenster-im-dfb-pokal-3","status":"publish","type":"post","link":"https:\/\/www.europesays.com\/de\/1254454\/","title":{"rendered":"Spiel gedreht: Karlsruhe schl\u00e4gt M\u00fcnster im DFB-Pokal"},"content":{"rendered":"<p>Der KSC ger\u00e4t gegen M\u00fcnster zun\u00e4chst in R\u00fcckstand, zeigt dann aber Moral. Der Kapit\u00e4n leitet die Wende ein. <\/p>\n<p>Der Karlsruher SC ist beim SC Preu\u00dfen M\u00fcnster nach einem R\u00fcckstand noch in die zweite Runde des DFB-Pokals eingezogen. Die Zweitliga-Mannschaft von Trainer Maximilian Senft besiegte den Drittligisten mit 2:1 (0:1). Vor 13.945 Zuschauern im ausverkauften Preu\u00dfenstadion drehten Marvin Wanitzek (69. Minute) und Sebastian Jung (81.) die Partie mit ihren Toren f\u00fcr den KSC. Montell Ndikom (35.) hatte M\u00fcnster zun\u00e4chst in F\u00fchrung geschossen. Tief in der Nachspielzeit sah M\u00fcnsters Samuel Althaus zudem die Rote Karte. <\/p>\n<p>            &#13;<br \/>\n              Ndikom bringt M\u00fcnster per Flachschuss in F\u00fchrung <\/p>\n<p>Die G\u00e4ste \u00fcbernahmen zu Beginn die Kontrolle und hatten das Mittelfeld gr\u00f6\u00dftenteils im Griff. Torgefahr strahlten die Karlsruher aber lange keine aus. Die Partie spielte sich haupts\u00e4chlich zwischen den beiden Strafr\u00e4umen ab. Die erste wirkliche Torchance hatten die Preu\u00dfen nach fast einer halben Stunde. Charalambos Makridis scheiterte aus kurzer Distanz an KSC-Torwart Hans Bernat. <\/p>\n<p>Die Aktion gab den Gastgebern Auftrieb. M\u00fcnster wurde st\u00e4rker und belohnte sich. Ndikom traf aus rund 18 Metern flach in die Ecke. <\/p>\n<p><img decoding=\"async\"   src=\"https:\/\/www.europesays.com\/de\/wp-content\/uploads\/2026\/08\/montell-ndikom-r-brachte-muenster-in-fuehrung-847267.jpg\" title=\"Spiel gedreht: Karlsruhe schl\u00e4gt M\u00fcnster im DFB-Pokal - Foto: David Inderlied\" alt=\"Montell Ndikom (r) brachte M\u00fcnster in F\u00fchrung. - Foto: David Inderlied\" class=\"img-responsive\"\/><\/p>\n<p>Montell Ndikom (r) brachte M\u00fcnster in F\u00fchrung. <\/p>\n<p class=\"image-credit\">Foto: David Inderlied<\/p>\n<p>Nach dem Seitenwechsel erh\u00f6hte der KSC den Druck. Der eingewechselte Louey Ben Farhat verfehlte erst das Tor und scheiterte sp\u00e4ter an Preu\u00dfen-Keeper Morten Behrens. Moritz Broschinski gr\u00e4tschte knapp an einer scharfen Hereingabe vorbei. <\/p>\n<p>Wanitzek sorgte dann f\u00fcr den verdienten Ausgleich. Der 33 Jahre alte KSC-Kapit\u00e4n traf aus 25 Metern. Die G\u00e4ste blieben dran. Broschinski legte den Ball per Kopf vor und Jung lie\u00df die mitgereisten Karlsruher Fans jubeln. <\/p>\n<p><img decoding=\"async\"   src=\"https:\/\/www.europesays.com\/de\/wp-content\/uploads\/2026\/08\/muenster-und-karlsruhe-lieferten-sich-eine-enge-partie-847266.jpg\" title=\"Spiel gedreht: Karlsruhe schl\u00e4gt M\u00fcnster im DFB-Pokal - Foto: David Inderlied\" alt=\"M\u00fcnster und Karlsruhe lieferten sich eine enge Partie. - Foto: David Inderlied\" class=\"img-responsive\"\/><\/p>\n<p>M\u00fcnster und Karlsruhe lieferten sich eine enge Partie. <\/p>\n<p class=\"image-credit\">Foto: David Inderlied<\/p>\n","protected":false},"excerpt":{"rendered":"Der KSC ger\u00e4t gegen M\u00fcnster zun\u00e4chst in R\u00fcckstand, zeigt dann aber Moral. Der Kapit\u00e4n leitet die Wende ein.&hellip;\n","protected":false},"author":2,"featured_media":1254455,"comment_status":"","ping_status":"","sticky":false,"template":"","format":"standard","meta":{"footnotes":"","_share_on_mastodon":"0"},"categories":[1843],"tags":[6925,3364,29,1264,5282,30,3850,8970,1209,8399],"class_list":["post-1254454","post","type-post","status-publish","format-standard","has-post-thumbnail","category-muenster","tag-baden-wrttemberg","tag-de","tag-deutschland","tag-dfb-pokal","tag-fuball","tag-germany","tag-karlsruher-sc","tag-muenster","tag-nordrhein-westfalen","tag-preuen-mnster"],"share_on_mastodon":{"url":"https:\/\/pubeurope.com\/@de\/117142119493940889","error":""},"_links":{"self":[{"href":"https:\/\/www.europesays.com\/de\/wp-json\/wp\/v2\/posts\/1254454","targetHints":{"allow":["GET"]}}],"collection":[{"href":"https:\/\/www.europesays.com\/de\/wp-json\/wp\/v2\/posts"}],"about":[{"href":"https:\/\/www.europesays.com\/de\/wp-json\/wp\/v2\/types\/post"}],"author":[{"embeddable":true,"href":"https:\/\/www.europesays.com\/de\/wp-json\/wp\/v2\/users\/2"}],"replies":[{"embeddable":true,"href":"https:\/\/www.europesays.com\/de\/wp-json\/wp\/v2\/comments?post=1254454"}],"version-history":[{"count":0,"href":"https:\/\/www.europesays.com\/de\/wp-json\/wp\/v2\/posts\/1254454\/revisions"}],"wp:featuredmedia":[{"embeddable":true,"href":"https:\/\/www.europesays.com\/de\/wp-json\/wp\/v2\/media\/1254455"}],"wp:attachment":[{"href":"https:\/\/www.europesays.com\/de\/wp-json\/wp\/v2\/media?parent=1254454"}],"wp:term":[{"taxonomy":"category","embeddable":true,"href":"https:\/\/www.europesays.com\/de\/wp-json\/wp\/v2\/categories?post=1254454"},{"taxonomy":"post_tag","embeddable":true,"href":"https:\/\/www.europesays.com\/de\/wp-json\/wp\/v2\/tags?post=1254454"}],"curies":[{"name":"wp","href":"https:\/\/api.w.org\/{rel}","templated":true}]}}