{"id":1254531,"date":"2026-08-23T01:57:16","date_gmt":"2026-08-23T01:57:16","guid":{"rendered":"https:\/\/www.europesays.com\/de\/1254531\/"},"modified":"2026-08-23T01:57:16","modified_gmt":"2026-08-23T01:57:16","slug":"fc-bayern-muenchen-kimmich-ueber-musiala-jamal-kann-ein-grosses-vorbild-sein-bayern","status":"publish","type":"post","link":"https:\/\/www.europesays.com\/de\/1254531\/","title":{"rendered":"FC Bayern M\u00fcnchen &#8211; Kimmich \u00fcber Musiala: \u201eJamal kann ein gro\u00dfes Vorbild sein\u201c &#8211; Bayern"},"content":{"rendered":"<p data-manual=\"paragraph\" data-schema-org-speakable=\"true\" class=\"css-1eosz7k\">Dortmund (dpa) &#8211; DFB-Kapit\u00e4n Joshua Kimmich glaubt, dass sein Teamkollege Jamal Musiala mit der Bew\u00e4ltigung und dem Umgang mit seiner Erkrankung eine besondere Wirkung \u00fcber den <a href=\"https:\/\/www.sueddeutsche.de\/thema\/Fu%C3%9Fball\" rel=\"nofollow noopener\" target=\"_blank\">Fu\u00dfball<\/a> hinaus ausl\u00f6sen k\u00f6nnte. \u201eJamal kann ein gro\u00dfes Vorbild f\u00fcr sehr viele Menschen da drau\u00dfen sein, dass man trotzdem Top-Leistung bringen kann und auf einem Top-Level performen kann. Und ich glaube, das wird er versuchen, uns allen zu zeigen\u201c, sagte der 31-j\u00e4hrige Kimmich im Sky-Interview nach dem Gewinn des Supercups mit dem <a href=\"https:\/\/www.sueddeutsche.de\/thema\/FC_Bayern_M%C3%BCnchen\" rel=\"nofollow noopener\" target=\"_blank\">FC Bayern M\u00fcnchen<\/a> gegen <a href=\"https:\/\/www.sueddeutsche.de\/thema\/Borussia_Dortmund\" rel=\"nofollow noopener\" target=\"_blank\">Borussia Dortmund<\/a>.<\/p>\n<p data-manual=\"paragraph\" data-schema-org-speakable=\"true\" class=\"css-1eosz7k\">Nationalspieler Musiala fehlte beim ersten Pflichtspiel der Saison in Dortmund nach seinen zwei Zusammenbr\u00fcchen in den vergangenen Testspielen. Der 23-J\u00e4hrige hatte danach seine Erkrankung \u00f6ffentlich gemacht. Er leidet an einer neurologischen Dysfunktion. Nach einer Ver\u00e4nderung bei der Medikation kam es offenbar zu den Zwischenf\u00e4llen bei seinen j\u00fcngsten Testspieleins\u00e4tzen.<\/p>\n<p data-manual=\"paragraph\" data-schema-org-speakable=\"true\" class=\"css-1eosz7k\">\u201eWir hoffen nat\u00fcrlich, dass Jamal bald wieder zur\u00fcck ist, weil er f\u00fcr den Verein, f\u00fcr uns als Mannschaft, f\u00fcr ganz <a href=\"https:\/\/www.sueddeutsche.de\/thema\/Deutschland\" rel=\"nofollow noopener\" target=\"_blank\">Deutschland<\/a> ein unfassbar wichtiger Spieler ist. Wir alle wissen, was er kann\u201c, sagte Kimmich nach dem 2:1 im Spiel um den Franz-Beckenbauer-Supercup. Alle im M\u00fcnchner Team w\u00fcrden Musiala \u201ezu 100 Prozent\u201c auf dem Weg zur\u00fcck in die Fu\u00dfballstadien unterst\u00fctzen.<\/p>\n<p data-manual=\"paragraph\" data-schema-org-speakable=\"true\" class=\"css-1eosz7k\">\u00a9 dpa-infocom, dpa:260822-930-568700\/1<\/p>\n","protected":false},"excerpt":{"rendered":"Dortmund (dpa) &#8211; DFB-Kapit\u00e4n Joshua Kimmich glaubt, dass sein Teamkollege Jamal Musiala mit der Bew\u00e4ltigung und dem Umgang&hellip;\n","protected":false},"author":2,"featured_media":1254532,"comment_status":"","ping_status":"","sticky":false,"template":"","format":"standard","meta":{"footnotes":"","_share_on_mastodon":"0"},"categories":[1827],"tags":[772,888,299,29,458,347,30,58384,1268,10702,1209,6922,149,52260],"class_list":["post-1254531","post","type-post","status-publish","format-standard","has-post-thumbnail","category-muenchen","tag-bayern","tag-borussia-dortmund","tag-bundesliga","tag-deutschland","tag-fc-bayern-muenchen","tag-fussball","tag-germany","tag-laenderspiele","tag-muenchen","tag-nationalmannschaft","tag-nordrhein-westfalen","tag-signal-iduna-park","tag-sueddeutsche-zeitung","tag-supercup"],"share_on_mastodon":{"url":"https:\/\/pubeurope.com\/@de\/117142345699176988","error":""},"_links":{"self":[{"href":"https:\/\/www.europesays.com\/de\/wp-json\/wp\/v2\/posts\/1254531","targetHints":{"allow":["GET"]}}],"collection":[{"href":"https:\/\/www.europesays.com\/de\/wp-json\/wp\/v2\/posts"}],"about":[{"href":"https:\/\/www.europesays.com\/de\/wp-json\/wp\/v2\/types\/post"}],"author":[{"embeddable":true,"href":"https:\/\/www.europesays.com\/de\/wp-json\/wp\/v2\/users\/2"}],"replies":[{"embeddable":true,"href":"https:\/\/www.europesays.com\/de\/wp-json\/wp\/v2\/comments?post=1254531"}],"version-history":[{"count":0,"href":"https:\/\/www.europesays.com\/de\/wp-json\/wp\/v2\/posts\/1254531\/revisions"}],"wp:featuredmedia":[{"embeddable":true,"href":"https:\/\/www.europesays.com\/de\/wp-json\/wp\/v2\/media\/1254532"}],"wp:attachment":[{"href":"https:\/\/www.europesays.com\/de\/wp-json\/wp\/v2\/media?parent=1254531"}],"wp:term":[{"taxonomy":"category","embeddable":true,"href":"https:\/\/www.europesays.com\/de\/wp-json\/wp\/v2\/categories?post=1254531"},{"taxonomy":"post_tag","embeddable":true,"href":"https:\/\/www.europesays.com\/de\/wp-json\/wp\/v2\/tags?post=1254531"}],"curies":[{"name":"wp","href":"https:\/\/api.w.org\/{rel}","templated":true}]}}