{"id":125456,"date":"2025-05-20T12:43:09","date_gmt":"2025-05-20T12:43:09","guid":{"rendered":"https:\/\/www.europesays.com\/de\/125456\/"},"modified":"2025-05-20T12:43:09","modified_gmt":"2025-05-20T12:43:09","slug":"ententeich-fall-zieht-sich-hin-radio-herne","status":"publish","type":"post","link":"https:\/\/www.europesays.com\/de\/125456\/","title":{"rendered":"&#8222;Ententeich&#8220;-Fall zieht sich hin &#8211; Radio Herne"},"content":{"rendered":"<p class=\"small date article__date\">Ver\u00f6ffentlicht:\u00a0Dienstag, 20.05.2025 13:40<\/p>\n<p>Verteidiger sichtet Akten<\/p>\n<p><img decoding=\"async\" alt=\"\" src=\"https:\/\/www.europesays.com\/de\/wp-content\/uploads\/2025\/05\/fotolia_72280198_s_copyright.jpg&#038;crop=0x0x887x554&#038;resize=887x554&#038;dt=201907091904310.jpeg\" data-size=\"887x554\"\/>\u00a9 Kzenon &#8211; Fotolia<\/p>\n<p>Nach der offenbar vorget\u00e4uschten rassistischen Attacke am Ententeich in Herne-S\u00fcd hat die Staatsanwaltschaft die Ermittlungen abgeschlossen. Ob das vermeintliche Opfer sich wegen Falschaussage vor Gericht verantworten muss, ist aber noch nicht entschieden. Mitte M\u00e4rz hatte die Frau mit indischen Wurzeln behauptet, das am Ententeich ein Mann nach ihr getreten und ausl\u00e4nderfeindliche Parolen gebr\u00fcllt haben soll. Aufgrund des Angriffs sei sie mit ihrem zwei Monate alten Baby auf dem Arm zu Boden gest\u00fcrzt. Zeugen erz\u00e4hlten anschlie\u00dfend allerdings eine andere Version der Geschichte. Danach habe die Frau einen Hund an ihrem Kinderagen angeleint, der dann so stark gezogen habe, dass der KInderwagen um-, und das Bayb herausfiel. Einen Mann habe es demnach nie gegeben. Die Staatsanwaltschaft h\u00e4lt die Zeugen f\u00fcr glaubw\u00fcrdig und teilte auf Nachfrage von Radio Herne mit, dass die Frau sich bis heute nicht zu den Widerspr\u00fcchen ge\u00e4ussert habe. Ihr Verteidiger sei noch dabei, die Akten zu sichten, danach wolle er entscheiden, ob und wie sich seine Mandantin zur Sache einlasse. Erst dann werde der Fall bewertet und entschieden, ob und welche weiteren juristischen Schritte eingeleitet werden.<\/p>\n","protected":false},"excerpt":{"rendered":"Ver\u00f6ffentlicht:\u00a0Dienstag, 20.05.2025 13:40 Verteidiger sichtet Akten \u00a9 Kzenon &#8211; Fotolia Nach der offenbar vorget\u00e4uschten rassistischen Attacke am Ententeich&hellip;\n","protected":false},"author":2,"featured_media":125457,"comment_status":"","ping_status":"","sticky":false,"template":"","format":"standard","meta":{"footnotes":""},"categories":[1839],"tags":[47150,47151,4249,3110,7507,3364,29,30,1209,12185],"class_list":{"0":"post-125456","1":"post","2":"type-post","3":"status-publish","4":"format-standard","5":"has-post-thumbnail","7":"category-bochum","8":"tag-ententeich","9":"tag-herne-sd","10":"tag-rassismus","11":"tag-attacke","12":"tag-bochum","13":"tag-de","14":"tag-deutschland","15":"tag-germany","16":"tag-nordrhein-westfalen","17":"tag-staatsanwalt"},"share_on_mastodon":{"url":"https:\/\/pubeurope.com\/@de\/114540223095134478","error":""},"_links":{"self":[{"href":"https:\/\/www.europesays.com\/de\/wp-json\/wp\/v2\/posts\/125456","targetHints":{"allow":["GET"]}}],"collection":[{"href":"https:\/\/www.europesays.com\/de\/wp-json\/wp\/v2\/posts"}],"about":[{"href":"https:\/\/www.europesays.com\/de\/wp-json\/wp\/v2\/types\/post"}],"author":[{"embeddable":true,"href":"https:\/\/www.europesays.com\/de\/wp-json\/wp\/v2\/users\/2"}],"replies":[{"embeddable":true,"href":"https:\/\/www.europesays.com\/de\/wp-json\/wp\/v2\/comments?post=125456"}],"version-history":[{"count":0,"href":"https:\/\/www.europesays.com\/de\/wp-json\/wp\/v2\/posts\/125456\/revisions"}],"wp:featuredmedia":[{"embeddable":true,"href":"https:\/\/www.europesays.com\/de\/wp-json\/wp\/v2\/media\/125457"}],"wp:attachment":[{"href":"https:\/\/www.europesays.com\/de\/wp-json\/wp\/v2\/media?parent=125456"}],"wp:term":[{"taxonomy":"category","embeddable":true,"href":"https:\/\/www.europesays.com\/de\/wp-json\/wp\/v2\/categories?post=125456"},{"taxonomy":"post_tag","embeddable":true,"href":"https:\/\/www.europesays.com\/de\/wp-json\/wp\/v2\/tags?post=125456"}],"curies":[{"name":"wp","href":"https:\/\/api.w.org\/{rel}","templated":true}]}}