{"id":1254565,"date":"2026-08-23T02:22:24","date_gmt":"2026-08-23T02:22:24","guid":{"rendered":"https:\/\/www.europesays.com\/de\/1254565\/"},"modified":"2026-08-23T02:22:24","modified_gmt":"2026-08-23T02:22:24","slug":"grossbritannien-und-irland-geisterfahrten-fuer-social-media-zwoelf-menschen-sterben-bei-unfaellen-fuer-internet-trend","status":"publish","type":"post","link":"https:\/\/www.europesays.com\/de\/1254565\/","title":{"rendered":"Gro\u00dfbritannien und Irland: Geisterfahrten f\u00fcr Social Media \u2013 zw\u00f6lf Menschen sterben bei Unf\u00e4llen f\u00fcr Internet-Trend"},"content":{"rendered":"<p class=\"is-first-paragraph\" data-external=\"Article.FirstParagraph\">Bei Geisterfahrer-Unf\u00e4llen in Gro\u00dfbritannien und Irland im Zusammenhang mit einem Internet-Trend sind in weniger als einer Woche zw\u00f6lf Menschen ums Leben gekommen. Sieben Menschen, darunter zwei Polizisten, starben am fr\u00fchen Samstagmorgen bei einem Unfall auf der A66 bei Middlesbrough im Nordosten Englands, wie die Polizei mitteilte. Am vergangenen Sonntag waren bei einem \u00e4hnlichen Unfall in Irland bereits f\u00fcnf Jugendliche ums Leben gekommen.<\/p>\n<p>Die britischen Beh\u00f6rden untersuchten die genauen Umst\u00e4nde des Unfalls bei Middlesbrough. Die Kollision habe sich nach einer Verfolgungsjagd mit einem verd\u00e4chtigen Fahrzeug ereignet, das in der verkehrten Fahrtrichtung gefahren sei. Das Fahrzeug kollidierte demnach mit einem Polizeifahrzeug, das in der richtigen Fahrtrichtung fuhr.<\/p>\n<p>Hintergrund der Unf\u00e4lle soll ein Internet-Trend sein <\/p>\n<p>Am Sonntag war in Irland ein Auto auf der M9 westlich von Dublin ebenfalls in der falschen Fahrtrichtung gefahren, als es frontal mit einem anderen Fahrzeug zusammenstie\u00df, wie die irischen Beh\u00f6rden mitteilten. Die vier Insassen des zweiten Fahrzeugs, darunter ein Kind, wurden schwer verletzt. Hintergrund beider Unf\u00e4lle war nach Beh\u00f6rdenangaben ein \u201eFalsche-Seite\u201c-Fahren-Trend im Internet.<\/p>\n<p>Der irische Premierminister Micheal Martin verurteilte das \u201er\u00fccksichtslose Verhalten\u201c der Fahrer und forderte, dass es daf\u00fcr \u201ekeinerlei Toleranz\u201c geben d\u00fcrfe. Irlands Polizeichef Justin Kelly erkl\u00e4rte: \u201eWas dieses r\u00fccksichtslose Verhalten noch emp\u00f6render macht, ist die Tatsache, dass es in einigen F\u00e4llen f\u00fcr soziale Medien begangen wird.\u201c<\/p>\n","protected":false},"excerpt":{"rendered":"Bei Geisterfahrer-Unf\u00e4llen in Gro\u00dfbritannien und Irland im Zusammenhang mit einem Internet-Trend sind in weniger als einer Woche zw\u00f6lf&hellip;\n","protected":false},"author":2,"featured_media":1254566,"comment_status":"","ping_status":"","sticky":false,"template":"","format":"standard","meta":{"footnotes":"","_share_on_mastodon":"0"},"categories":[3],"tags":[21458,246410,13,14,15,250153,110,12,45,10,8,9,11,103,104],"class_list":["post-1254565","post","type-post","status-publish","format-standard","has-post-thumbnail","category-welt","tag-autobahnen","tag-geisterfahrer-ks","tag-headlines","tag-nachrichten","tag-news","tag-newsos-import-welt","tag-newsteam","tag-schlagzeilen","tag-texttospeech","tag-top-news","tag-top-meldungen","tag-topmeldungen","tag-topnews","tag-welt","tag-world"],"share_on_mastodon":{"url":"https:\/\/pubeurope.com\/@de\/117142444217258326","error":""},"_links":{"self":[{"href":"https:\/\/www.europesays.com\/de\/wp-json\/wp\/v2\/posts\/1254565","targetHints":{"allow":["GET"]}}],"collection":[{"href":"https:\/\/www.europesays.com\/de\/wp-json\/wp\/v2\/posts"}],"about":[{"href":"https:\/\/www.europesays.com\/de\/wp-json\/wp\/v2\/types\/post"}],"author":[{"embeddable":true,"href":"https:\/\/www.europesays.com\/de\/wp-json\/wp\/v2\/users\/2"}],"replies":[{"embeddable":true,"href":"https:\/\/www.europesays.com\/de\/wp-json\/wp\/v2\/comments?post=1254565"}],"version-history":[{"count":0,"href":"https:\/\/www.europesays.com\/de\/wp-json\/wp\/v2\/posts\/1254565\/revisions"}],"wp:featuredmedia":[{"embeddable":true,"href":"https:\/\/www.europesays.com\/de\/wp-json\/wp\/v2\/media\/1254566"}],"wp:attachment":[{"href":"https:\/\/www.europesays.com\/de\/wp-json\/wp\/v2\/media?parent=1254565"}],"wp:term":[{"taxonomy":"category","embeddable":true,"href":"https:\/\/www.europesays.com\/de\/wp-json\/wp\/v2\/categories?post=1254565"},{"taxonomy":"post_tag","embeddable":true,"href":"https:\/\/www.europesays.com\/de\/wp-json\/wp\/v2\/tags?post=1254565"}],"curies":[{"name":"wp","href":"https:\/\/api.w.org\/{rel}","templated":true}]}}