{"id":1254588,"date":"2026-08-23T02:36:19","date_gmt":"2026-08-23T02:36:19","guid":{"rendered":"https:\/\/www.europesays.com\/de\/1254588\/"},"modified":"2026-08-23T02:36:19","modified_gmt":"2026-08-23T02:36:19","slug":"feuer-brand-in-parkhaus-grosseinsatz-in-karlsruher-innenstadt-panorama","status":"publish","type":"post","link":"https:\/\/www.europesays.com\/de\/1254588\/","title":{"rendered":"Feuer &#8211; Brand in Parkhaus \u2013 Gro\u00dfeinsatz in Karlsruher Innenstadt &#8211; Panorama"},"content":{"rendered":"<p data-manual=\"paragraph\" data-schema-org-speakable=\"true\" class=\"css-1eosz7k\">Karlsruhe (dpa\/lsw) &#8211; Wegen eines Brandes in einem Parkhaus mitten in Karlsruhe kommt es derzeit zu einem gr\u00f6\u00dferen Einsatz mit Dutzenden Einsatzkr\u00e4ften von Polizei und Feuerwehr. Verletzte gibt es bisherigen Erkenntnisse zufolge nicht. Der Bereich rund um das Parkhaus sei abgesperrt, berichtete ein Polizeisprecher.<\/p>\n<p data-manual=\"paragraph\" data-schema-org-speakable=\"true\" class=\"css-1eosz7k\">Demnach standen drei Autos in Flammen, zwei davon brannten aus. Die Brandursache sei bislang unklar, die Polizei ermittelt nach eigenen Angaben in alle Richtungen. Hinweise auf Brandstiftung gebe es bislang nicht. Das Parkhaus bleibt den Angaben zufolge vorerst geschlossen. Der Einsatz l\u00e4uft noch.<\/p>\n<p data-manual=\"paragraph\" data-schema-org-speakable=\"true\" class=\"css-1eosz7k\">\u00a9 dpa-infocom, dpa:260822-930-567922\/2<\/p>\n","protected":false},"excerpt":{"rendered":"Karlsruhe (dpa\/lsw) &#8211; Wegen eines Brandes in einem Parkhaus mitten in Karlsruhe kommt es derzeit zu einem gr\u00f6\u00dferen&hellip;\n","protected":false},"author":2,"featured_media":1254589,"comment_status":"","ping_status":"","sticky":false,"template":"","format":"standard","meta":{"footnotes":"","_share_on_mastodon":"0"},"categories":[1844],"tags":[1634,986,3364,29,987,30,8903,1974,22165,149],"class_list":["post-1254588","post","type-post","status-publish","format-standard","has-post-thumbnail","category-karlsruhe","tag-baden-wuerttemberg","tag-braende","tag-de","tag-deutschland","tag-feuer","tag-germany","tag-karlsruhe","tag-panorama","tag-parkhaus","tag-sueddeutsche-zeitung"],"share_on_mastodon":{"url":"https:\/\/pubeurope.com\/@de\/117142499751659287","error":""},"_links":{"self":[{"href":"https:\/\/www.europesays.com\/de\/wp-json\/wp\/v2\/posts\/1254588","targetHints":{"allow":["GET"]}}],"collection":[{"href":"https:\/\/www.europesays.com\/de\/wp-json\/wp\/v2\/posts"}],"about":[{"href":"https:\/\/www.europesays.com\/de\/wp-json\/wp\/v2\/types\/post"}],"author":[{"embeddable":true,"href":"https:\/\/www.europesays.com\/de\/wp-json\/wp\/v2\/users\/2"}],"replies":[{"embeddable":true,"href":"https:\/\/www.europesays.com\/de\/wp-json\/wp\/v2\/comments?post=1254588"}],"version-history":[{"count":0,"href":"https:\/\/www.europesays.com\/de\/wp-json\/wp\/v2\/posts\/1254588\/revisions"}],"wp:featuredmedia":[{"embeddable":true,"href":"https:\/\/www.europesays.com\/de\/wp-json\/wp\/v2\/media\/1254589"}],"wp:attachment":[{"href":"https:\/\/www.europesays.com\/de\/wp-json\/wp\/v2\/media?parent=1254588"}],"wp:term":[{"taxonomy":"category","embeddable":true,"href":"https:\/\/www.europesays.com\/de\/wp-json\/wp\/v2\/categories?post=1254588"},{"taxonomy":"post_tag","embeddable":true,"href":"https:\/\/www.europesays.com\/de\/wp-json\/wp\/v2\/tags?post=1254588"}],"curies":[{"name":"wp","href":"https:\/\/api.w.org\/{rel}","templated":true}]}}