{"id":1254675,"date":"2026-08-23T03:45:42","date_gmt":"2026-08-23T03:45:42","guid":{"rendered":"https:\/\/www.europesays.com\/de\/1254675\/"},"modified":"2026-08-23T03:45:42","modified_gmt":"2026-08-23T03:45:42","slug":"stefan-evers-cdu-klar-kompetent-ordnungspolitisch-selbstbewusst","status":"publish","type":"post","link":"https:\/\/www.europesays.com\/de\/1254675\/","title":{"rendered":"Stefan Evers (CDU): Klar, kompetent &#038; ordnungspolitisch selbstbewusst!"},"content":{"rendered":"<p>\t\t\t\t\t<img decoding=\"async\" src=\"https:\/\/www.europesays.com\/de\/wp-content\/uploads\/2026\/08\/newsFuerSieGelesen870.jpg\" alt=\"Aktuelle News f\u00fcr Sie gelesen\"\/><\/p>\n<p>Aktuelle News f\u00fcr Sie gelesen! &#8211; Foto: Pixabay, Badge: a\/m<\/p>\n<p>Von Michael Springer<\/p>\n<p>Die Wahl zum Berliner Abgeordnetenhaus am 20. September 2026 wird mit gro\u00dfer Spannung erwartet. Auch die Wahl der Bezirksverordnetenversammlungen in den 12 Berliner Bezirken noch manche \u00dcberraschungen bringen.  <\/p>\n<p>Im Rennen der Spitzenkandidaten f\u00fcr das Amt des Regierenden B\u00fcrgermeisters gibt es nur einen einzigen Kandidaten, der Augenma\u00df, Erfahrung, Kompetenz und F\u00fchrungseigenschaften f\u00fcr Berlin mitbringt: Stefan Evers, Finanzsenator von Berlin.<\/p>\n<p>In einem lesenswerten Interview auf n-tv.de hat er sich k\u00fcrzlich vorgestellt:<\/p>\n<p>\u201eDie Einzigen, die ich enteignen will, sind kriminelle Clans\u201c ( <a href=\"https:\/\/www.n-tv.de\/politik\/Die-Einzigen-die-ich-enteignen-will-sind-kriminelle-Clans-id31200792.html\" data-type=\"link\" data-id=\"https:\/\/www.n-tv.de\/politik\/Die-Einzigen-die-ich-enteignen-will-sind-kriminelle-Clans-id31200792.html\" target=\"_blank\" rel=\"noreferrer noopener nofollow\">Interview Volker Petersen \u2013 www.n-tv.de<\/a> )<\/p>\n<p><strong>Redaktioneller Hinweis: <\/strong><br \/>Politische Parteien haben in Berlin keine Kostendeckung f\u00fcr qualifizierten inklusiv-\u00f6ffentlichen Lokaljournalismus (ohne BigTech) bereit gestellt. Die Politikberichterstattung ist daher stark beschr\u00e4nkt. Eine Vollberichterstattung ist im multikulturellen Berlin erst ab 2-4 dauerbeobachtenden Lokaljournalisten je 100.000 Einwohner m\u00f6glich. Kosten: ab 3,89 \u20ac\/Einwohner\/Jahr. <\/p>\n<p>Seit 1.8.2026 gilt der aktuelle BDZV\/DJV Tarifvertrag f\u00fcr Journalisten. F\u00fcr politische Berichterstattung wird jeweils eine Tariftreue-Erkl\u00e4rung der Akteure und politischen Parteien angefordert, ganz so wie es das Landesvergabegesetz des Landes Berlin vorsieht.<\/p>\n<p>Ab 1.10.2026 wird aus aktuellem Anlass (IKT-Sicherheitsvorfall) zus\u00e4tzlich eine EU-Datenschutz-Treueerkl\u00e4rung verbindlich eingefordert. <br \/>Um die Stadt der Freiheit Berlin k\u00fcnftig freiheitlich, inklusiv, sozial und gerecht auszugestalten wird die \u201eGeschenke-\u00d6konomie mit Daten\u201c schrittweise beendet. Das Verh\u00e4ltnis zu Datenkonzernen und die Relation zu KI-Systemen wird in den Gesch\u00e4ftsbedingungen und presserechtlich neu reguliert, um Public Media lokal verhandelbar und kuratierbar zu halten (Medienbeiratsmodell). <\/p>\n<p>Ab 1.10.2026 wird zus\u00e4tzlich eine Konformit\u00e4ts-Erkl\u00e4rung zum Grundgesetz, zur Landesverfassung und zum Vertrag \u00fcber die Arbeitsweise der Europ\u00e4ischen Union angefordert. <br \/>Ferner wird eine \u201eZivilisations-Schutz- und Nachhaltigkeitstreue-Erkl\u00e4rung\u201c vorbereitet, die als Selbstbindung konzpiert ist. Damit werden freiheitliche, marktwirtschaftliche und betriebswirtschaftlich tragf\u00e4hige Innovationen in Gang gehalten. Diese wird als Vorschlag pr\u00e4sentiert werden, um ein weiteres Abgleiten in einen \u00fcberb\u00fcrokratisierten Abgaben- und Kontroll-Staat zu stoppen! Zugleich wird die De-Urbanisierung durch Daten-Geschenke-\u00d6konomien gestoppt.<\/p>\n<p><strong>Public Media <\/strong>\u2013 Amtsblatt-Sichtbarkeit f\u00fcr alle B\u00fcrger &amp; Wahlberechtigten*<\/p>\n<p>*) Inklusion &amp; gleiche Rechte setzen gleiche Sichtbarkeiten voraus!<\/p>\n","protected":false},"excerpt":{"rendered":"Aktuelle News f\u00fcr Sie gelesen! &#8211; Foto: Pixabay, Badge: a\/m Von Michael Springer Die Wahl zum Berliner Abgeordnetenhaus&hellip;\n","protected":false},"author":2,"featured_media":1254676,"comment_status":"","ping_status":"","sticky":false,"template":"","format":"standard","meta":{"footnotes":"","_share_on_mastodon":"0"},"categories":[1825],"tags":[1941,1939,19729,296,1937,29,30,19730,2075,14,1940,1938,530,16,3871,1009,19728,4283,8509,55],"class_list":["post-1254675","post","type-post","status-publish","format-standard","has-post-thumbnail","category-berlin","tag-aktuelle-nachrichten-aus-berlin","tag-aktuelle-news-aus-berlin","tag-bauvorhaben","tag-berlin","tag-berlin-news","tag-deutschland","tag-germany","tag-interkultur","tag-kunst","tag-nachrichten","tag-nachrichten-aus-berlin","tag-news-aus-berlin","tag-pankow","tag-politik","tag-prenzlauer-berg","tag-recht","tag-schoenhauser-allee","tag-shopping","tag-weissensee","tag-wirtschaft"],"share_on_mastodon":{"url":"https:\/\/pubeurope.com\/@de\/117142772000783749","error":""},"_links":{"self":[{"href":"https:\/\/www.europesays.com\/de\/wp-json\/wp\/v2\/posts\/1254675","targetHints":{"allow":["GET"]}}],"collection":[{"href":"https:\/\/www.europesays.com\/de\/wp-json\/wp\/v2\/posts"}],"about":[{"href":"https:\/\/www.europesays.com\/de\/wp-json\/wp\/v2\/types\/post"}],"author":[{"embeddable":true,"href":"https:\/\/www.europesays.com\/de\/wp-json\/wp\/v2\/users\/2"}],"replies":[{"embeddable":true,"href":"https:\/\/www.europesays.com\/de\/wp-json\/wp\/v2\/comments?post=1254675"}],"version-history":[{"count":0,"href":"https:\/\/www.europesays.com\/de\/wp-json\/wp\/v2\/posts\/1254675\/revisions"}],"wp:featuredmedia":[{"embeddable":true,"href":"https:\/\/www.europesays.com\/de\/wp-json\/wp\/v2\/media\/1254676"}],"wp:attachment":[{"href":"https:\/\/www.europesays.com\/de\/wp-json\/wp\/v2\/media?parent=1254675"}],"wp:term":[{"taxonomy":"category","embeddable":true,"href":"https:\/\/www.europesays.com\/de\/wp-json\/wp\/v2\/categories?post=1254675"},{"taxonomy":"post_tag","embeddable":true,"href":"https:\/\/www.europesays.com\/de\/wp-json\/wp\/v2\/tags?post=1254675"}],"curies":[{"name":"wp","href":"https:\/\/api.w.org\/{rel}","templated":true}]}}