{"id":1254723,"date":"2026-08-23T04:17:31","date_gmt":"2026-08-23T04:17:31","guid":{"rendered":"https:\/\/www.europesays.com\/de\/1254723\/"},"modified":"2026-08-23T04:17:31","modified_gmt":"2026-08-23T04:17:31","slug":"oggersheim-welche-themen-der-ortsbeirat-in-seiner-naechsten-sitzung-behandelt-ludwigshafen","status":"publish","type":"post","link":"https:\/\/www.europesays.com\/de\/1254723\/","title":{"rendered":"Oggersheim: Welche Themen der Ortsbeirat in seiner n\u00e4chsten Sitzung behandelt &#8211; Ludwigshafen"},"content":{"rendered":"<p><b\/>Der Ortsbeirat <a class=\"rtr-entity\" data-rtr-entity=\"Oggersheim\" data-rtr-id=\"084ad114a225e498afc3b386c5e5f63e683009eb\" data-rtr-score=\"28.795620437956202\" data-rtr-etype=\"location\" data-rtr-index=\"5\" href=\"https:\/\/www.rheinpfalz.de\/themen\/ludwigshafen-oggersheim\" rel=\"nofollow noopener\" target=\"_blank\">Oggersheim<\/a> tagt am Donnerstag, 27. August, ab 15 Uhr im Rathaus am Schillerplatz. Themen auf der 21 Punkte umfassenden Tagesordnung sind unter anderem Neuigkeiten zum Bauprojekt der Wohnungsbaugesellschaft GAG in der Stefan-Zweig-Stra\u00dfe, die m\u00f6gliche Einrichtung einer Auslauffl\u00e4che f\u00fcr Hunde und der Hitzeschutz in den Oggersheimer Kitas. Verkehrsthemen wie ein Rechtsabbiegerpfeil f\u00fcr die Speyerer Stra\u00dfe oder die Kontrolle des Anwohnerstatus in der Hans-Warsch-Stra\u00dfe machen au\u00dferdem einen gro\u00dfen Teil der Anfragen aus.<\/p>\n","protected":false},"excerpt":{"rendered":"Der Ortsbeirat Oggersheim tagt am Donnerstag, 27. August, ab 15 Uhr im Rathaus am Schillerplatz. Themen auf der&hellip;\n","protected":false},"author":2,"featured_media":1254724,"comment_status":"","ping_status":"","sticky":false,"template":"","format":"standard","meta":{"footnotes":"","_share_on_mastodon":"0"},"categories":[1845],"tags":[1634,3364,29,548,663,3934,30,13,4060,25476,2096,14,15,27789,12],"class_list":["post-1254723","post","type-post","status-publish","format-standard","has-post-thumbnail","category-mannheim","tag-baden-wuerttemberg","tag-de","tag-deutschland","tag-eu","tag-europa","tag-europe","tag-germany","tag-headlines","tag-lokal","tag-ludwigshafen","tag-mannheim","tag-nachrichten","tag-news","tag-oggersheim","tag-schlagzeilen"],"share_on_mastodon":{"url":"https:\/\/pubeurope.com\/@de\/117142896577031894","error":""},"_links":{"self":[{"href":"https:\/\/www.europesays.com\/de\/wp-json\/wp\/v2\/posts\/1254723","targetHints":{"allow":["GET"]}}],"collection":[{"href":"https:\/\/www.europesays.com\/de\/wp-json\/wp\/v2\/posts"}],"about":[{"href":"https:\/\/www.europesays.com\/de\/wp-json\/wp\/v2\/types\/post"}],"author":[{"embeddable":true,"href":"https:\/\/www.europesays.com\/de\/wp-json\/wp\/v2\/users\/2"}],"replies":[{"embeddable":true,"href":"https:\/\/www.europesays.com\/de\/wp-json\/wp\/v2\/comments?post=1254723"}],"version-history":[{"count":0,"href":"https:\/\/www.europesays.com\/de\/wp-json\/wp\/v2\/posts\/1254723\/revisions"}],"wp:featuredmedia":[{"embeddable":true,"href":"https:\/\/www.europesays.com\/de\/wp-json\/wp\/v2\/media\/1254724"}],"wp:attachment":[{"href":"https:\/\/www.europesays.com\/de\/wp-json\/wp\/v2\/media?parent=1254723"}],"wp:term":[{"taxonomy":"category","embeddable":true,"href":"https:\/\/www.europesays.com\/de\/wp-json\/wp\/v2\/categories?post=1254723"},{"taxonomy":"post_tag","embeddable":true,"href":"https:\/\/www.europesays.com\/de\/wp-json\/wp\/v2\/tags?post=1254723"}],"curies":[{"name":"wp","href":"https:\/\/api.w.org\/{rel}","templated":true}]}}