{"id":1254872,"date":"2026-08-23T06:00:18","date_gmt":"2026-08-23T06:00:18","guid":{"rendered":"https:\/\/www.europesays.com\/de\/1254872\/"},"modified":"2026-08-23T06:00:18","modified_gmt":"2026-08-23T06:00:18","slug":"noel-eichinger-war-fuer-45-minuten-im-einsatz","status":"publish","type":"post","link":"https:\/\/www.europesays.com\/de\/1254872\/","title":{"rendered":"Noel Eichinger war f\u00fcr 45 Minuten im Einsatz."},"content":{"rendered":"<p class=\"mb-6 text-xs-varying md:text-m lg:text-l font-serif group-[.font-sans]:font-sans \">\n    Drittes Pflichtspiel des <a href=\"https:\/\/www.ka-news.de\/ksc\/karlsruhe-dreht-pokalspiel-gegen-preussen-muenster-und-zieht-in-naechste-runde-ein-23-08-26-115059146\" target=\"_self\" class=\"underline \" rel=\"nofollow noopener\">KSC<\/a> in dieser Saison und zum dritten Mal stand <a href=\"https:\/\/www.ka-news.de\/ksc\/ksc-erkaempft-punkt-in-kaiserslautern-trotz-vergebener-torchancen-115022007\" target=\"_self\" class=\"underline \" rel=\"nofollow noopener\">Noel Eichinger<\/a> in der Startelf der Blau-Wei\u00dfen. Dass er im Pokalspiel in M\u00fcnster vom Anpfiff an mitmischte, das hatte sich der 25 Jahre alte Offensivspieler, der von Jahn Regensburg zum <a href=\"https:\/\/www.ka-news.de\/ksc\" target=\"_self\" class=\"underline \" rel=\"nofollow noopener\">KSC<\/a> gewechselt war, durch gute Auftritte in Liga zwei gegen Bielefeld und in <a href=\"https:\/\/www.ka-news.de\/ksc\/nach-abpfiff-des-suedwest-derbys-zwischen-kaiserslautern-und-karlsruhe-rumorte-es-noch-eine-weile-3-115024925\" target=\"_self\" class=\"underline \" rel=\"nofollow noopener\">Kaiserslautern<\/a> verdient. Eichinger war erneut f\u00fcr die linke Offensivseite nominiert.\n  <\/p>\n<p>    <img decoding=\"async\" src=\"https:\/\/images.mgpd.de\/img\/114859503\/crop\/c16_9-w100\/567779604\/935513407\/2026-07-24ksc-mannschaftsfoto-von-0088carmele.jpg\" alt=\"Eichinger fungierte in der 1. Runde des DFB-Pokal als offensiver Linksau\u00dfen\" title=\"Eichinger fungierte in der 1. Runde des DFB-Pokal als offensiver Linksau\u00dfen\" loading=\"lazy\" class=\"h-full w-full object-cover\"\/><\/p>\n<p>      Icon vergr\u00f6\u00dfern<\/p>\n<p>    Eichinger fungierte in der 1. Runde des DFB-Pokal als offensiver Linksau\u00dfen<br \/>\n    Foto: Carmele\/ TMC-Fotografie<\/p>\n<p>        Schlie\u00dfen <\/p>\n<p>      Icon Schlie\u00dfen<\/p>\n<p>        Icon vergr\u00f6\u00dfern<\/p>\n<p>        Icon verkleinern<\/p>\n<p>      Icon Pfeil bewegen<\/p>\n<p>    Eichinger fungierte in der 1. Runde des DFB-Pokal als offensiver Linksau\u00dfen<br \/>\n    Foto: Carmele\/ TMC-Fotografie<\/p>\n<p class=\"mb-6 text-xs-varying md:text-m lg:text-l font-serif group-[.font-sans]:font-sans \">\n    Der 182-Zentimeter-Mann trat schon in der ersten Minute in Erscheinung, gab von links flach in den Strafraum &#8211; dieses Zuspiel wurde von einem aufmerksamen M\u00fcnsteraner abgeblockt. Von Anfang an war der KSC-Neuzugang zur Stelle, wenn es einen Einwurf f\u00fcr die Badener gab. Eichinger sprintete auch mal von seiner linken Seite nach rechts, um von dort die Kugel gef\u00e4hrlich in den gegnerischen Strafraum zu schleudern. Der Offensivspieler sorgte mit einem dieser weiten Einw\u00fcrfe f\u00fcr Gefahr, als Abwehrchef Marcel Franke zum Kopfball kam, aber am M\u00fcnsteraner Keeper scheiterte.\n  <\/p>\n<p>            Zweikampfstark und emsig<\/p>\n<p class=\"mb-6 text-xs-varying md:text-m lg:text-l font-serif group-[.font-sans]:font-sans \">\n    Eichinger wollte am Spiel teilnehmen und war daher auch hin und wieder auf der anderen Seite des Spielfeldes zu finden, wollte den Ball. Der geb\u00fcrtige Mainzer \u201eklebte\u201c im Spiel nach vorne nicht durchweg an der linken Au\u00dfenlinie. Er arbeitete immer nach hinten mit, verhinderte dadurch und durch sein gutes Zweikampfverhalten, dass etliche Angriffe der M\u00fcnsteraner \u00fcberhaupt zu gef\u00e4hrlichen Situationen wurden. Eichinger gewann alle f\u00fcnf direkte Duelle. In der Offensive versuchte er durch schnelle L\u00e4ufe anspielbar zu sein, doch er wurde daf\u00fcr nicht immer belohnt, bekam die Kugel eher selten zugespielt.\n  <\/p>\n<p class=\"mb-6 text-xs-varying md:text-m lg:text-l font-serif group-[.font-sans]:font-sans \">\n    In der 22. Minute reagierte er clever, f\u00fchrte einen Einwurf enorm schnell und enorm weit aus, brachte so <a href=\"https:\/\/www.ka-news.de\/ksc\/stuermt-moritz-broschinski-bald-fuer-den-karlsruher-sc-1-114509099\" target=\"_self\" class=\"underline \" rel=\"nofollow noopener\">Moritz Broschinski<\/a> in eine gute Situation, die zu einem Abschluss h\u00e4tte f\u00fchren k\u00f6nnen. Doch der Wurf war ein klein wenig zu ungenau. Nach einer halben Stunde verhinderten die M\u00fcnsteraner durch enormen Einsatz, dass ein Doppelpassspiel zwischen Eichinger und <a href=\"https:\/\/www.ka-news.de\/ksc\/shio-fukuda-trifft-zum-zwischenzeitlichen-ausgleich-1-114799922\" target=\"_self\" class=\"underline \" rel=\"nofollow noopener\">Marvin Wanitzek<\/a> Erfolg hatte.\n  <\/p>\n<p>            Nach 45 Minuten war Schluss<\/p>\n<p class=\"mb-6 text-xs-varying md:text-m lg:text-l font-serif group-[.font-sans]:font-sans \">\n    Eichinger war engagiert, lief viel, ein Torschuss gelang ihm nicht. In der vordersten Reihe war er eher selten zu sehen, konnte daher auch kaum Torgefahr ausstrahlen. Wohl einer der Gr\u00fcnde, warum er nach der ersten Halbzeit ausgewechselt wurde. Er spielte 15 P\u00e4sse. Die Passquote lag bei 60 Prozent. Ein Dribbling wagte er nicht. Eichinger agierte engagiert, aber immer fair. Er wurde dreimal gefoult.\n  <\/p>\n","protected":false},"excerpt":{"rendered":"Drittes Pflichtspiel des KSC in dieser Saison und zum dritten Mal stand Noel Eichinger in der Startelf der&hellip;\n","protected":false},"author":2,"featured_media":1254873,"comment_status":"","ping_status":"","sticky":false,"template":"","format":"standard","meta":{"footnotes":"","_share_on_mastodon":"0"},"categories":[1843],"tags":[1605,3364,29,30,878,15352,3850,35659,30682,8970,36840,1209,2697],"class_list":["post-1254872","post","type-post","status-publish","format-standard","has-post-thumbnail","category-muenster","tag-bielefeld","tag-de","tag-deutschland","tag-germany","tag-jahn-regensburg","tag-kaiserslautern","tag-karlsruher-sc","tag-marcel-franke","tag-moritz-broschinski","tag-muenster","tag-noel-eichinger","tag-nordrhein-westfalen","tag-pflichtspiel"],"share_on_mastodon":{"url":"","error":""},"_links":{"self":[{"href":"https:\/\/www.europesays.com\/de\/wp-json\/wp\/v2\/posts\/1254872","targetHints":{"allow":["GET"]}}],"collection":[{"href":"https:\/\/www.europesays.com\/de\/wp-json\/wp\/v2\/posts"}],"about":[{"href":"https:\/\/www.europesays.com\/de\/wp-json\/wp\/v2\/types\/post"}],"author":[{"embeddable":true,"href":"https:\/\/www.europesays.com\/de\/wp-json\/wp\/v2\/users\/2"}],"replies":[{"embeddable":true,"href":"https:\/\/www.europesays.com\/de\/wp-json\/wp\/v2\/comments?post=1254872"}],"version-history":[{"count":0,"href":"https:\/\/www.europesays.com\/de\/wp-json\/wp\/v2\/posts\/1254872\/revisions"}],"wp:featuredmedia":[{"embeddable":true,"href":"https:\/\/www.europesays.com\/de\/wp-json\/wp\/v2\/media\/1254873"}],"wp:attachment":[{"href":"https:\/\/www.europesays.com\/de\/wp-json\/wp\/v2\/media?parent=1254872"}],"wp:term":[{"taxonomy":"category","embeddable":true,"href":"https:\/\/www.europesays.com\/de\/wp-json\/wp\/v2\/categories?post=1254872"},{"taxonomy":"post_tag","embeddable":true,"href":"https:\/\/www.europesays.com\/de\/wp-json\/wp\/v2\/tags?post=1254872"}],"curies":[{"name":"wp","href":"https:\/\/api.w.org\/{rel}","templated":true}]}}