{"id":1254874,"date":"2026-08-23T06:02:15","date_gmt":"2026-08-23T06:02:15","guid":{"rendered":"https:\/\/www.europesays.com\/de\/1254874\/"},"modified":"2026-08-23T06:02:15","modified_gmt":"2026-08-23T06:02:15","slug":"herford-schultuetenrallye-und-mut-mach-konzert-radio-herford","status":"publish","type":"post","link":"https:\/\/www.europesays.com\/de\/1254874\/","title":{"rendered":"Herford: Schult\u00fctenrallye und Mut-mach-Konzert &#8211; Radio Herford"},"content":{"rendered":"<p>Herford bereitet sich auf den Schulstart vor \u2013 vor allem die Erstkl\u00e4ssler. Bevor sie zum ersten Mal Unterricht haben, k\u00f6nnen sie wieder bei der Schult\u00fctenrallye mitmachen. Vom 28. August bis 1.September k\u00f6nnen die Schulanf\u00e4nger wieder die Stadt erkunden und sich an 24 Anlaufpunkten kleine \u00dcberraschungen abholen.\u00a0<\/p>\n<p>Mut-mach-Konzert auf dem Alten Markt<\/p>\n<p>F\u00fcr jedes Kind gibt es eine Schult\u00fcte und eine Stempelkarte, die es in den Gesch\u00e4ften einl\u00f6sen kann. Geplant sind au\u00dferdem ein Mut-mach-Konzert auf dem alten Markt und eine Polizeiaktion zum Thema Schulweg.<\/p>\n<p>\u00a0<\/p>\n","protected":false},"excerpt":{"rendered":"Herford bereitet sich auf den Schulstart vor \u2013 vor allem die Erstkl\u00e4ssler. Bevor sie zum ersten Mal Unterricht&hellip;\n","protected":false},"author":2,"featured_media":1254875,"comment_status":"","ping_status":"","sticky":false,"template":"","format":"standard","meta":{"footnotes":"","_share_on_mastodon":"0"},"categories":[1841],"tags":[1605,3364,29,101152,30,16398,1209,259540],"class_list":["post-1254874","post","type-post","status-publish","format-standard","has-post-thumbnail","category-bielefeld","tag-bielefeld","tag-de","tag-deutschland","tag-erstklaessler","tag-germany","tag-herford","tag-nordrhein-westfalen","tag-schultuetenrallye"],"share_on_mastodon":{"url":"https:\/\/pubeurope.com\/@de\/117143309330453589","error":""},"_links":{"self":[{"href":"https:\/\/www.europesays.com\/de\/wp-json\/wp\/v2\/posts\/1254874","targetHints":{"allow":["GET"]}}],"collection":[{"href":"https:\/\/www.europesays.com\/de\/wp-json\/wp\/v2\/posts"}],"about":[{"href":"https:\/\/www.europesays.com\/de\/wp-json\/wp\/v2\/types\/post"}],"author":[{"embeddable":true,"href":"https:\/\/www.europesays.com\/de\/wp-json\/wp\/v2\/users\/2"}],"replies":[{"embeddable":true,"href":"https:\/\/www.europesays.com\/de\/wp-json\/wp\/v2\/comments?post=1254874"}],"version-history":[{"count":0,"href":"https:\/\/www.europesays.com\/de\/wp-json\/wp\/v2\/posts\/1254874\/revisions"}],"wp:featuredmedia":[{"embeddable":true,"href":"https:\/\/www.europesays.com\/de\/wp-json\/wp\/v2\/media\/1254875"}],"wp:attachment":[{"href":"https:\/\/www.europesays.com\/de\/wp-json\/wp\/v2\/media?parent=1254874"}],"wp:term":[{"taxonomy":"category","embeddable":true,"href":"https:\/\/www.europesays.com\/de\/wp-json\/wp\/v2\/categories?post=1254874"},{"taxonomy":"post_tag","embeddable":true,"href":"https:\/\/www.europesays.com\/de\/wp-json\/wp\/v2\/tags?post=1254874"}],"curies":[{"name":"wp","href":"https:\/\/api.w.org\/{rel}","templated":true}]}}