{"id":1254962,"date":"2026-08-23T07:03:23","date_gmt":"2026-08-23T07:03:23","guid":{"rendered":"https:\/\/www.europesays.com\/de\/1254962\/"},"modified":"2026-08-23T07:03:23","modified_gmt":"2026-08-23T07:03:23","slug":"ich-will-dass-alle-sich-ueberall-in-berlin-sicher-fuehlen-evers-spricht-sich-fuer-mehr-ki-basierte-videoueberwachung-aus","status":"publish","type":"post","link":"https:\/\/www.europesays.com\/de\/1254962\/","title":{"rendered":"\u201eIch will, dass alle sich \u00fcberall in Berlin sicher f\u00fchlen\u201c: Evers spricht sich f\u00fcr mehr KI-basierte Video\u00fcberwachung aus"},"content":{"rendered":"<p class=\"tspCKpk tspCKpl\">Der CDU-Spitzenkandidat f\u00fcr die Berlin-Wahl am 20. September, Stefan Evers, fordert mehr Video\u00fcberwachung zur Bek\u00e4mpfung der Kriminalit\u00e4t. Das von Schwarz-Rot versch\u00e4rfte Polizeirecht erm\u00f6gliche Video\u00fcberwachung unter Einsatz K\u00fcnstlicher Intelligenz (KI) an Orten mit viel Kriminalit\u00e4t und werde am Kottbusser Tor auch getestet. \u201eDieser Weg ist genau der richtige, und davon brauchen wir noch viel mehr, weil das Berlin deutlich sicherer machen kann\u201c, sagte Evers der Deutschen Presse-Agentur.\u00a0<\/p>\n<p class=\"tspCKpk\">\u201eVideo\u00fcberwachung war bisher nur dazu da, um f\u00fcr die sp\u00e4tere Aufkl\u00e4rung Beweismaterial zu sichern, und wirkt teilweise auch als Abschreckung\u201c, erl\u00e4uterte er. \u201eDie moderne Technik erlaubt aber der Polizei, Gef\u00e4hrdungssituationen fr\u00fchzeitig zu erkennen und Polizisten darauf aufmerksam zu machen\u00a0\u2013 bevor Straftaten \u00fcberhaupt passieren.\u201c Straftaten w\u00fcrden so also verhindert.\u00a0<\/p>\n<p> \u201eGesetzliche Grundlagen ausweiten\u201c <\/p>\n<p class=\"tspCKpk\">\u201eIch will, dass alle sich \u00fcberall in Berlin sicher f\u00fchlen. Und deshalb geh\u00f6rt f\u00fcr mich der Einsatz dieser Technik dazu\u201c, sagte Evers, der aktuell Finanz- und Kultursenator ist. \u201eUnd daf\u00fcr m\u00fcssen wir die gesetzlichen Grundlagen auch ausweiten. Es reicht mir nicht, dass wir das nur an kriminalit\u00e4tsbelasteten Orten einsetzen.\u201c<\/p>\n<p class=\"tspCKpk\">Evers schlug vor, festgestellte Gef\u00e4hrdungen als Kriterium f\u00fcr einen Einsatz der KI-Kameratechnik zu verwenden. Als m\u00f6gliches Beispiel nannte er Orte wie den Regenbogenkiez, wo ein israelisches Restaurant oder queere Szenelokale wiederholt bedroht und angegriffen w\u00fcrden. Hier k\u00f6nne KI-unterst\u00fctzte Video\u00fcberwachung f\u00fcr mehr Sicherheit sorgen, was bisher nicht m\u00f6glich sei.\u00a0<\/p>\n<p> Sicherheit kontra Datenschutz <\/p>\n<p class=\"tspCKpk\">\u201eDer Staat darf sich diesen Weg nicht verbauen, w\u00e4hrend immer mehr Menschen sagen, sie f\u00fchlen sich in bestimmten Stadtteilen nicht mehr sicher\u201c, so Evers. \u201eUnd oft sind es Frauen, Menschen j\u00fcdischen Glaubens oder queere Menschen, die mir das berichten. Mit Verlaub, da reicht mir der Verweis auf den Datenschutz nicht.\u201c Als Gegenargument f\u00fcr mehr Videotechnik auf den Stra\u00dfen wird von Kritikern oft der Datenschutz genannt.\u00a0<\/p>\n<p> KI-Video-Pilotprojekt am Kotti\u00a0 <\/p>\n<p class=\"tspCKpk\">Die Polizei setzt im Kampf gegen Stra\u00dfenkriminalit\u00e4t bald neuartige Videotechnik ein. Die KI soll anhand der Kamerabilder auff\u00e4llige Verhaltensmuster von Menschen erkennen und entsprechend Alarm schlagen, sodass die Polizei dann reagieren kann. Ein entsprechendes Pilotprojekt soll laut Innenverwaltung noch im Verlauf des dritten Quartals starten, also bis Ende September.\u00a0<\/p>\n<p>Lesen Sie mehr zum Thema Video\u00fcberwachung in Berlin:<a href=\"https:\/\/www.tagesspiegel.de\/berlin\/ein-standard-den-es-nirgendwo-anders-gibt-berlin-investiert-mehr-als-200-millionen-euro-in-den-schutz-seines-stromnetzes-15915482.html?icid=topic-list_15972233___\" data-gtm-class=\"article-mzt-link\" data-hydrate-fingerprint=\"09740a54944caac75fd2c0c63fd5c5df\" data-hydrate-props=\"{&amp;escapedquot;element&amp;escapedquot;:{&amp;escapedquot;type&amp;escapedquot;:&amp;escapedquot;relatedContent&amp;escapedquot;,&amp;escapedquot;fieldMap&amp;escapedquot;:{},&amp;escapedquot;relation&amp;escapedquot;:{&amp;escapedquot;fields&amp;escapedquot;:{&amp;escapedquot;isPaid&amp;escapedquot;:null},&amp;escapedquot;href&amp;escapedquot;:&amp;escapedquot;\/berlin\/ein-standard-den-es-nirgendwo-anders-gibt-berlin-investiert-mehr-als-200-millionen-euro-in-den-schutz-seines-stromnetzes-15915482.html&amp;escapedquot;,&amp;escapedquot;teaserTitle&amp;escapedquot;:{&amp;escapedquot;kicker&amp;escapedquot;:&amp;escapedquot;\u201eEin Standard, den es nirgendwo anders gibt\u201c&amp;escapedquot;,&amp;escapedquot;headline&amp;escapedquot;:&amp;escapedquot;Berlin investiert mehr als 200 Millionen Euro in den Schutz seines Stromnetzes&amp;escapedquot;},&amp;escapedquot;id&amp;escapedquot;:&amp;escapedquot;15915482&amp;escapedquot;,&amp;escapedquot;type&amp;escapedquot;:&amp;escapedquot;story&amp;escapedquot;},&amp;escapedquot;isPartOfList&amp;escapedquot;:true,&amp;escapedquot;topicListType&amp;escapedquot;:&amp;escapedquot;topic-list&amp;escapedquot;},&amp;escapedquot;showArrow&amp;escapedquot;:true}\" data-hydrate-slots=\"{&#039;default&#039;:[]}\" class=\"tspDDr7 tspDCr5\" rel=\"nofollow noopener\" target=\"_blank\">\u201eEin Standard, den es nirgendwo anders gibt\u201c Berlin investiert mehr als 200 Millionen Euro in den Schutz seines Stromnetzes <\/a><a href=\"https:\/\/www.tagesspiegel.de\/berlin\/das-gesicht-wird-nicht-erkennbar-sein-testlauf-fur-videouberwachung-mit-ki-am-kottbusser-tor-startet-15908372.html?icid=topic-list_15972233___\" data-gtm-class=\"article-mzt-link\" data-hydrate-fingerprint=\"09740a54944caac75fd2c0c63fd5c5df\" data-hydrate-props=\"{&amp;escapedquot;element&amp;escapedquot;:{&amp;escapedquot;type&amp;escapedquot;:&amp;escapedquot;relatedContent&amp;escapedquot;,&amp;escapedquot;fieldMap&amp;escapedquot;:{},&amp;escapedquot;relation&amp;escapedquot;:{&amp;escapedquot;fields&amp;escapedquot;:{&amp;escapedquot;isPaid&amp;escapedquot;:null},&amp;escapedquot;href&amp;escapedquot;:&amp;escapedquot;\/berlin\/das-gesicht-wird-nicht-erkennbar-sein-testlauf-fur-videouberwachung-mit-ki-am-kottbusser-tor-startet-15908372.html&amp;escapedquot;,&amp;escapedquot;teaserTitle&amp;escapedquot;:{&amp;escapedquot;kicker&amp;escapedquot;:&amp;escapedquot;\u201eDas Gesicht wird nicht erkennbar sein\u201c&amp;escapedquot;,&amp;escapedquot;headline&amp;escapedquot;:&amp;escapedquot;Testlauf f\u00fcr Video\u00fcberwachung mit KI am Kottbusser Tor startet&amp;escapedquot;},&amp;escapedquot;id&amp;escapedquot;:&amp;escapedquot;15908372&amp;escapedquot;,&amp;escapedquot;type&amp;escapedquot;:&amp;escapedquot;story&amp;escapedquot;},&amp;escapedquot;isPartOfList&amp;escapedquot;:true,&amp;escapedquot;topicListType&amp;escapedquot;:&amp;escapedquot;topic-list&amp;escapedquot;},&amp;escapedquot;showArrow&amp;escapedquot;:true}\" data-hydrate-slots=\"{&#039;default&#039;:[]}\" class=\"tspDDr7 tspDCr5\" rel=\"nofollow noopener\" target=\"_blank\">\u201eDas Gesicht wird nicht erkennbar sein\u201c Testlauf f\u00fcr Video\u00fcberwachung mit KI am Kottbusser Tor startet <\/a><a href=\"https:\/\/www.tagesspiegel.de\/berlin\/sicherheit-im-berliner-opnv-bvg-will-uberwachung-mit-neuen-kameras-ausbauen-15852428.html?icid=topic-list_15972233___\" data-gtm-class=\"article-mzt-link\" data-hydrate-fingerprint=\"09740a54944caac75fd2c0c63fd5c5df\" data-hydrate-props=\"{&amp;escapedquot;element&amp;escapedquot;:{&amp;escapedquot;type&amp;escapedquot;:&amp;escapedquot;relatedContent&amp;escapedquot;,&amp;escapedquot;fieldMap&amp;escapedquot;:{},&amp;escapedquot;relation&amp;escapedquot;:{&amp;escapedquot;fields&amp;escapedquot;:{&amp;escapedquot;isPaid&amp;escapedquot;:null},&amp;escapedquot;href&amp;escapedquot;:&amp;escapedquot;\/berlin\/sicherheit-im-berliner-opnv-bvg-will-uberwachung-mit-neuen-kameras-ausbauen-15852428.html&amp;escapedquot;,&amp;escapedquot;teaserTitle&amp;escapedquot;:{&amp;escapedquot;kicker&amp;escapedquot;:&amp;escapedquot;Sicherheit im Berliner Nahverkehr&amp;escapedquot;,&amp;escapedquot;headline&amp;escapedquot;:&amp;escapedquot;BVG will \u00dcberwachung mit neuen Kameras ausbauen&amp;escapedquot;},&amp;escapedquot;id&amp;escapedquot;:&amp;escapedquot;15852428&amp;escapedquot;,&amp;escapedquot;type&amp;escapedquot;:&amp;escapedquot;story&amp;escapedquot;},&amp;escapedquot;isPartOfList&amp;escapedquot;:true,&amp;escapedquot;topicListType&amp;escapedquot;:&amp;escapedquot;topic-list&amp;escapedquot;},&amp;escapedquot;showArrow&amp;escapedquot;:true}\" data-hydrate-slots=\"{&#039;default&#039;:[]}\" class=\"tspDDr7 tspDCr5\" rel=\"nofollow noopener\" target=\"_blank\">Sicherheit im Berliner Nahverkehr BVG will \u00dcberwachung mit neuen Kameras ausbauen <\/a><\/p>\n<p class=\"tspCKpk\">Konkret wird das System demnach zun\u00e4chst am Kottbusser Tor und sp\u00e4ter an der Warschauer Stra\u00dfe eingesetzt; beide Bereiche gelten als Schwerpunkte der Kriminalit\u00e4t. Verl\u00e4uft die Pilotphase erfolgreich, soll der KI-Einsatz schrittweise auf weitere stark kriminalit\u00e4tsbelastete Orte ausgeweitet werden. (dpa)<\/p>\n","protected":false},"excerpt":{"rendered":"Der CDU-Spitzenkandidat f\u00fcr die Berlin-Wahl am 20. September, Stefan Evers, fordert mehr Video\u00fcberwachung zur Bek\u00e4mpfung der Kriminalit\u00e4t. Das&hellip;\n","protected":false},"author":2,"featured_media":1254963,"comment_status":"","ping_status":"","sticky":false,"template":"","format":"standard","meta":{"footnotes":"","_share_on_mastodon":"0"},"categories":[1825],"tags":[296,64594,31,29,527,30,17250],"class_list":["post-1254962","post","type-post","status-publish","format-standard","has-post-thumbnail","category-berlin","tag-berlin","tag-berlin-wahl","tag-cdu","tag-deutschland","tag-friedrichshain-kreuzberg","tag-germany","tag-kottbusser-tor"],"share_on_mastodon":{"url":"https:\/\/pubeurope.com\/@de\/117143549173587013","error":""},"_links":{"self":[{"href":"https:\/\/www.europesays.com\/de\/wp-json\/wp\/v2\/posts\/1254962","targetHints":{"allow":["GET"]}}],"collection":[{"href":"https:\/\/www.europesays.com\/de\/wp-json\/wp\/v2\/posts"}],"about":[{"href":"https:\/\/www.europesays.com\/de\/wp-json\/wp\/v2\/types\/post"}],"author":[{"embeddable":true,"href":"https:\/\/www.europesays.com\/de\/wp-json\/wp\/v2\/users\/2"}],"replies":[{"embeddable":true,"href":"https:\/\/www.europesays.com\/de\/wp-json\/wp\/v2\/comments?post=1254962"}],"version-history":[{"count":0,"href":"https:\/\/www.europesays.com\/de\/wp-json\/wp\/v2\/posts\/1254962\/revisions"}],"wp:featuredmedia":[{"embeddable":true,"href":"https:\/\/www.europesays.com\/de\/wp-json\/wp\/v2\/media\/1254963"}],"wp:attachment":[{"href":"https:\/\/www.europesays.com\/de\/wp-json\/wp\/v2\/media?parent=1254962"}],"wp:term":[{"taxonomy":"category","embeddable":true,"href":"https:\/\/www.europesays.com\/de\/wp-json\/wp\/v2\/categories?post=1254962"},{"taxonomy":"post_tag","embeddable":true,"href":"https:\/\/www.europesays.com\/de\/wp-json\/wp\/v2\/tags?post=1254962"}],"curies":[{"name":"wp","href":"https:\/\/api.w.org\/{rel}","templated":true}]}}