{"id":125497,"date":"2025-05-20T13:06:13","date_gmt":"2025-05-20T13:06:13","guid":{"rendered":"https:\/\/www.europesays.com\/de\/125497\/"},"modified":"2025-05-20T13:06:13","modified_gmt":"2025-05-20T13:06:13","slug":"buten-un-binnen-bremen-tanzt-auf-platz-4-bei-lets-dance-finale-ohne-cseke","status":"publish","type":"post","link":"https:\/\/www.europesays.com\/de\/125497\/","title":{"rendered":"buten un binnen: Bremen tanzt auf Platz 4 bei &#8222;Let&#8217;s Dance&#8220; \u2013 Finale ohne Cseke"},"content":{"rendered":"<p class=\"metatextline\">Stand: 20.05.2025 14:57 Uhr<\/p>\n<p class=\"textabsatz columns twelve  m-ten  m-offset-one l-eight l-offset-two\">\n        <strong>Die Siegertroph\u00e4e der beliebten Tanz-Show wird in diesem Jahr nicht nach Bremen wandern. Nach dem fr\u00fchen Aus von Malika Dzumaev kam nun f\u00fcr Zsolt Sandor Cseke das Aus.<\/strong>\n    <\/p>\n<p class=\"textabsatz m-ten m-offset-one l-eight l-offset-two columns twelve\">\nVor einem Jahr schwebte Malika Dzumaev noch im siebten Tanz-Himmel. Die Profi-T\u00e4nzerin vom Bremer Gr\u00fcn-Gold-Club gewann an der Seite von Musiker Gabriel Kelly die TV-Show &#8222;Let&#8217;s Dance&#8220; und freute sich danach bei buten un binnen: &#8222;Es war schon immer mein Traum, &#8218;Let&#8217;s Dance&#8216; zu gewinnen. Aber wie es sich dann erf\u00fcllt hat, habe ich mir doch nicht ertr\u00e4umt. Das waren Wahnsinns-Emotionen.&#8220;<\/p>\n<p class=\"textabsatz m-ten m-offset-one l-eight l-offset-two columns twelve\">\nDiese &#8222;Wahnsinns-Emotionen&#8220; h\u00e4tte ihr langj\u00e4hriger Tanzpartner Zsolt Sandor Cseke am kommenden Freitag im gro\u00dfen Finale auch gerne erlebt und die Tanz-Troph\u00e4e erneut nach Bremen geholt. Doch f\u00fcr den 37-J\u00e4hrigen und seine Tanzpartnerin, die Podcasterin Selfiesandra, war im Halbfinale mit Platz vier Schluss.<\/p>\n<p>    Selfiesandra tanzte sich in die Zuschauerherzen<\/p>\n<p class=\"textabsatz m-ten m-offset-one l-eight l-offset-two columns twelve\">\nCseke hatte sich bereits zwei Mal mit prominenten Tanzpartnerinnen auf den zweiten Platz getanzt. Dass es nun bis ins Halbfinale in Show elf ging, war dennoch ein gro\u00dfer Erfolg f\u00fcr den Gr\u00fcn-Gold-T\u00e4nzer. Denn zu Beginn dieser 18. Staffel der erfolgreichen Tanz-Show hatten Selfiesandra die Wenigsten auf dem Zettel und auch Cseke selbst wusste vorher \u00fcber die 25-j\u00e4hrige Influencerin mit dem Podcast &#8222;Dick und Doof&#8220; noch nichts.<\/p>\n<p>    Externe Inhalte von Instagram<\/p>\n<p class=\"textabsatz m-ten m-offset-one l-eight l-offset-two columns twelve\"><a href=\"https:\/\/www.instagram.com\/p\/DJwZYSxqXrr\/?img_index=5\" title=\"Instagram \u00f6ffnen\" class=\"textlink--extern js-link-dialog\" rel=\"noopener noreferrer\" target=\"_blank\" data-type=\"external\">Instagram \u00f6ffnen<\/a><\/p>\n<p class=\"textabsatz m-ten m-offset-one l-eight l-offset-two columns twelve\">\nDoch die Chemie zwischen ihnen stimmte und Selfiesandra tanzte sich Show um Show immer mehr in die Herzen der Zuschauer und bewies ihr B\u00fchnentalent und ihren Willen. Angetrieben wurde sie Woche f\u00fcr Woche im stundenlangen Training vom unerm\u00fcdlichen Cseke, der &#8222;mein gr\u00f6\u00dfter Unterst\u00fctzer in dieser unglaublichen Zeit war&#8220;, schrieb Selfiesandra nach dem Aus bei Instagram.<\/p>\n<p>    &#8222;Ich war mit Abstand die Unsportlichste hier&#8220;<\/p>\n<p class=\"textabsatz m-ten m-offset-one l-eight l-offset-two columns twelve\">\n&#8222;Du hast so viel Arbeit, Geduld und Herzblut in mich gesteckt. In jedem Training hast du 100 Prozent gegeben, hast mich mitgezogen, aufgebaut, motiviert. Deine Energie war ansteckend&#8220;, schrieb sie \u00fcber Cseke weiter: &#8222;Danke, dass du mich immer strahlen lassen hast. Danke, dass du mein Selbstbewusstsein aufgebaut hast. Du bist einfach der Allerbeste.&#8220;<\/p>\n<p class=\"textabsatz m-ten m-offset-one l-eight l-offset-two columns twelve\">\nT\u00e4nzerisch war Selfiesandra im Feld der Prominenten nicht die St\u00e4rkste, aber ihre zahlreichen Fans glichen es aus, wenn von den Juroren Punkte zum Weiterkommen fehlten. &#8222;Ich war mit Abstand die Unsportlichste hier und ganz sicher nicht die beste T\u00e4nzerin&#8220;, sagte sie \u00fcber sich. Doch Cseke holte als Motivator und mit sehr kreativen Choreografien alles aus ihr heraus und lobte nach dem Aus: &#8222;Ich bin sehr stolz auf Sandra.&#8220; F\u00fcr ihren Charleston bekamen sie sogar die H\u00f6chstwertung von 30 Punkten.<\/p>\n<p>    Externe Inhalte von Instagram<\/p>\n<p class=\"textabsatz m-ten m-offset-one l-eight l-offset-two columns twelve\"><a href=\"https:\/\/www.instagram.com\/p\/DIY6sa6usAl\/\" title=\"Instagram \u00f6ffnen\" class=\"textlink--extern js-link-dialog\" rel=\"noopener noreferrer\" target=\"_blank\" data-type=\"external\">Instagram \u00f6ffnen<\/a><\/p>\n<p>    Dzumaev nach Bandscheibenvorfall au\u00dfer Gefecht<\/p>\n<p class=\"textabsatz m-ten m-offset-one l-eight l-offset-two columns twelve\">\nUnterst\u00fctzt hatten sich Dzumaev und Cseke in den vergangenen drei Monaten gegenseitig an jedem Samstag beim Entwickeln ihrer Choreografien f\u00fcr die folgende Sendung. Mehr noch, nachdem Dzumaev an der Seite des Musikers Ben Zucker bereits nach vier Shows ausgeschieden war, gab sie Selfiesandra auch ihren kreativen Input.<\/p>\n<p class=\"textabsatz m-ten m-offset-one l-eight l-offset-two columns twelve\">\nBis Dzumaev vor einer Woche ein Bandscheibenvorfall an der Halswirbels\u00e4ule ins Krankenhaus brachte. Seither k\u00e4mpft sie um ihre Gesundheit und bangt um ihre Karriere als T\u00e4nzerin. &#8222;Tanzen ist mein Leben, ohne k\u00f6nnte ich nicht&#8220;, schrieb sie. Und auch wenn das Finale am Freitag ohne die Siegerin vom Vorjahr stattfinden muss, hofft sie, auf jeden Fall im November wieder dabei zu sein, wenn &#8222;Let&#8217;s Dance&#8220; auf Tour durch Deutschland geht. Am 19. November wird es dann ein Heimspiel in der Bremer Stadthalle f\u00fcr Dzumaev und Cseke sein \u2013 der warme Applaus ist ihnen sicher.<\/p>\n<p>    Mehr zum Thema:<\/p>\n<p class=\"textabsatz m-ten m-offset-one l-eight l-offset-two columns twelve\"><strong>Dieses Thema im Programm:<\/strong><br \/>Sportblitz, 17. Februar 2025, 18:06 Uhr<\/p>\n<p>                                        <a class=\"backlink__link\" href=\"https:\/\/www.butenunbinnen.de\/sport\/tanzen-lets-dance-cseke-bremen-100.html\" target=\"_blank\" rel=\"noopener\"><\/p>\n<p>                                                <img loading=\"lazy\" decoding=\"async\" alt=\"Radio Bremen\" src=\"https:\/\/www.europesays.com\/de\/wp-content\/uploads\/2025\/04\/1745707450_669_lra-rb-logo-100.svg.svg+xml\" height=\"40\" width=\"40\"\/><\/p>\n<p>                                        <\/a><\/p>\n<p>                    <script async src=\"\/\/www.instagram.com\/embed.js\"><\/script><\/p>\n","protected":false},"excerpt":{"rendered":"Stand: 20.05.2025 14:57 Uhr Die Siegertroph\u00e4e der beliebten Tanz-Show wird in diesem Jahr nicht nach Bremen wandern. Nach&hellip;\n","protected":false},"author":2,"featured_media":125498,"comment_status":"","ping_status":"","sticky":false,"template":"","format":"standard","meta":{"footnotes":""},"categories":[1824],"tags":[2420,3364,29,30,9768],"class_list":{"0":"post-125497","1":"post","2":"type-post","3":"status-publish","4":"format-standard","5":"has-post-thumbnail","7":"category-bremen","8":"tag-bremen","9":"tag-de","10":"tag-deutschland","11":"tag-germany","12":"tag-tanzen"},"share_on_mastodon":{"url":"https:\/\/pubeurope.com\/@de\/114540313667177777","error":""},"_links":{"self":[{"href":"https:\/\/www.europesays.com\/de\/wp-json\/wp\/v2\/posts\/125497","targetHints":{"allow":["GET"]}}],"collection":[{"href":"https:\/\/www.europesays.com\/de\/wp-json\/wp\/v2\/posts"}],"about":[{"href":"https:\/\/www.europesays.com\/de\/wp-json\/wp\/v2\/types\/post"}],"author":[{"embeddable":true,"href":"https:\/\/www.europesays.com\/de\/wp-json\/wp\/v2\/users\/2"}],"replies":[{"embeddable":true,"href":"https:\/\/www.europesays.com\/de\/wp-json\/wp\/v2\/comments?post=125497"}],"version-history":[{"count":0,"href":"https:\/\/www.europesays.com\/de\/wp-json\/wp\/v2\/posts\/125497\/revisions"}],"wp:featuredmedia":[{"embeddable":true,"href":"https:\/\/www.europesays.com\/de\/wp-json\/wp\/v2\/media\/125498"}],"wp:attachment":[{"href":"https:\/\/www.europesays.com\/de\/wp-json\/wp\/v2\/media?parent=125497"}],"wp:term":[{"taxonomy":"category","embeddable":true,"href":"https:\/\/www.europesays.com\/de\/wp-json\/wp\/v2\/categories?post=125497"},{"taxonomy":"post_tag","embeddable":true,"href":"https:\/\/www.europesays.com\/de\/wp-json\/wp\/v2\/tags?post=125497"}],"curies":[{"name":"wp","href":"https:\/\/api.w.org\/{rel}","templated":true}]}}