{"id":1254987,"date":"2026-08-23T07:17:19","date_gmt":"2026-08-23T07:17:19","guid":{"rendered":"https:\/\/www.europesays.com\/de\/1254987\/"},"modified":"2026-08-23T07:17:19","modified_gmt":"2026-08-23T07:17:19","slug":"tote-und-entfuehrte-bei-angriff-auf-dorf-in-nigeria","status":"publish","type":"post","link":"https:\/\/www.europesays.com\/de\/1254987\/","title":{"rendered":"Tote und Entf\u00fchrte bei Angriff auf Dorf in Nigeria"},"content":{"rendered":"<p>            <img loading=\"lazy\" decoding=\"async\" class=\"ts-image\" src=\"https:\/\/www.europesays.com\/de\/wp-content\/uploads\/2026\/08\/flagge-nigeria-101.jpg\" alt=\"Die Flagge von Nigeria\" title=\"Die Flagge von Nigeria | a (Kruse)\"\/><\/p>\n<p class=\"metatextline\">Stand: 23.08.2026 \u2022 08:17 Uhr<\/p>\n<p class=\"article-head__shorttext\">\n        <strong>In Nigeria haben Islamisten ein Dorf \u00fcberfallen. Dutzende Menschen wurde get\u00f6tet oder entf\u00fchrt &#8211; wie viele genau, ist unklar. Hinter dem Angriff steckt offenbar ein Ableger der Terrorgruppe &#8222;Islamischer Staat&#8220;.<\/strong>\n    <\/p>\n<p class=\"textabsatz m-ten m-offset-one l-eight l-offset-two columns twelve\">In Nigeria haben mehrere bewaffnete Islamisten ein Dorf \u00fcberfallen und Dutzende Menschen get\u00f6tet und entf\u00fchrt. Der Angriff fand w\u00e4hrend dem Freitagsgebet im Zentrum des bev\u00f6lkerungsreichsten Landes von Afrika statt.<\/p>\n<p class=\"textabsatz m-ten m-offset-one l-eight l-offset-two columns twelve\">&#8222;Sie haben mehrere von uns niedergemetzelt und gesagt, wir w\u00fcrden nicht der wahren Lehre des Islam folgen&#8220;, sagte ein \u00dcberlebender der Nachrichtenagentur AFP. Die Angreifer sollen mit Macheten, Messern und Gewehren bewaffnet gewesen sein. Sie geh\u00f6ren der Islamistengruppe Lakuwara an.<\/p>\n<p>    K\u00e4mpfe mehrerer Islamistengruppen<\/p>\n<p class=\"textabsatz m-ten m-offset-one l-eight l-offset-two columns twelve\">Anschlie\u00dfend soll eine rivalisierende Islamistengruppe eingegriffen und sich K\u00e4mpfe mit den Lakuwara-Mitgliedern geliefert haben. Bei den K\u00e4mpfen seien viele Zivilisten get\u00f6tet und andere als Geiseln verschleppt worden, sagten der Augenzeuge und ein \u00f6rtlicher Beamter.<\/p>\n<p class=\"textabsatz m-ten m-offset-one l-eight l-offset-two columns twelve\">Die Nachrichtenagentur AP zitiert den Angeh\u00f6rigen eines Verschleppten mit den Worten: &#8222;Niemand kann die genaue Zahl der Entf\u00fchrten nennen, denn bislang wurden etwa 80 unserer Leute verschleppt, und viele sind aus der Gegend geflohen.&#8220;<\/p>\n<p>    Immer wieder Angriffe auf Zivilisten<\/p>\n<p class=\"textabsatz m-ten m-offset-one l-eight l-offset-two columns twelve\">Experten sehen Lakurawa als einen Ableger der Dschihadistenmiliz &#8222;Islamischer Staat&#8220; (IS). Die Gruppe soll religi\u00f6sen Extremismus mit organisierter Kriminalit\u00e4t verbinden. Sie ist auch in Nachbarl\u00e4ndern aktiv.<\/p>\n<p class=\"textabsatz m-ten m-offset-one l-eight l-offset-two columns twelve\">Angriffe auf Zivilisten passieren in Nigeria h\u00e4ufig. Oft werden Menschen verschleppt, um L\u00f6segeld zu erpressen. Zudem gibt es zahlreiche von den Einwohnern als &#8222;Banditen&#8220; bezeichnete nicht religi\u00f6se Banden, die ebenfalls auf Entf\u00fchrungen sowie auf Schutzgelderpressung setzen.<\/p>\n","protected":false},"excerpt":{"rendered":"Stand: 23.08.2026 \u2022 08:17 Uhr In Nigeria haben Islamisten ein Dorf \u00fcberfallen. Dutzende Menschen wurde get\u00f6tet oder entf\u00fchrt&hellip;\n","protected":false},"author":2,"featured_media":1254988,"comment_status":"","ping_status":"","sticky":false,"template":"","format":"standard","meta":{"footnotes":"","_share_on_mastodon":"0"},"categories":[3],"tags":[13,14,15,13235,12,10,8,9,11,103,104],"class_list":["post-1254987","post","type-post","status-publish","format-standard","has-post-thumbnail","category-welt","tag-headlines","tag-nachrichten","tag-news","tag-nigeria","tag-schlagzeilen","tag-top-news","tag-top-meldungen","tag-topmeldungen","tag-topnews","tag-welt","tag-world"],"share_on_mastodon":{"url":"https:\/\/pubeurope.com\/@de\/117143604282163903","error":""},"_links":{"self":[{"href":"https:\/\/www.europesays.com\/de\/wp-json\/wp\/v2\/posts\/1254987","targetHints":{"allow":["GET"]}}],"collection":[{"href":"https:\/\/www.europesays.com\/de\/wp-json\/wp\/v2\/posts"}],"about":[{"href":"https:\/\/www.europesays.com\/de\/wp-json\/wp\/v2\/types\/post"}],"author":[{"embeddable":true,"href":"https:\/\/www.europesays.com\/de\/wp-json\/wp\/v2\/users\/2"}],"replies":[{"embeddable":true,"href":"https:\/\/www.europesays.com\/de\/wp-json\/wp\/v2\/comments?post=1254987"}],"version-history":[{"count":0,"href":"https:\/\/www.europesays.com\/de\/wp-json\/wp\/v2\/posts\/1254987\/revisions"}],"wp:featuredmedia":[{"embeddable":true,"href":"https:\/\/www.europesays.com\/de\/wp-json\/wp\/v2\/media\/1254988"}],"wp:attachment":[{"href":"https:\/\/www.europesays.com\/de\/wp-json\/wp\/v2\/media?parent=1254987"}],"wp:term":[{"taxonomy":"category","embeddable":true,"href":"https:\/\/www.europesays.com\/de\/wp-json\/wp\/v2\/categories?post=1254987"},{"taxonomy":"post_tag","embeddable":true,"href":"https:\/\/www.europesays.com\/de\/wp-json\/wp\/v2\/tags?post=1254987"}],"curies":[{"name":"wp","href":"https:\/\/api.w.org\/{rel}","templated":true}]}}