{"id":1255097,"date":"2026-08-23T08:26:15","date_gmt":"2026-08-23T08:26:15","guid":{"rendered":"https:\/\/www.europesays.com\/de\/1255097\/"},"modified":"2026-08-23T08:26:15","modified_gmt":"2026-08-23T08:26:15","slug":"sydney-marathon-allianz-arena-auf-finisher-medaille-muenchen","status":"publish","type":"post","link":"https:\/\/www.europesays.com\/de\/1255097\/","title":{"rendered":"Sydney-Marathon: Allianz-Arena auf Finisher-Medaille &#8211; M\u00fcnchen"},"content":{"rendered":"<p data-manual=\"paragraph\" data-schema-org-speakable=\"true\" class=\"css-1eosz7k\">Die Arena in <a href=\"https:\/\/www.sueddeutsche.de\/thema\/Fr%C3%B6ttmaning\" rel=\"nofollow noopener\" target=\"_blank\">Fr\u00f6ttmaning<\/a> hat es auf die Finisher-Medaille des Sydney-Marathons geschafft. Wenn nat\u00fcrlich auch unbeabsichtigt. Denn das Abbild des Stadions des deutschen Fu\u00dfball-Rekordmeisters FC Bayern auf der R\u00fcckseite der Plakette sei ein \u201eungl\u00fccklicher Fehler\u201c, wie die Veranstalter erkl\u00e4rt haben. \u201eWir werden uns nicht davor dr\u00fccken &#8211; es war ein bedauerlicher Fehler, auch wenn er diesem Wochenende sicherlich allen Gespr\u00e4chsstoff geliefert hat, meist mit einem Augenzwinkern.\u201c<\/p>\n<p data-manual=\"paragraph\" data-schema-org-speakable=\"true\" class=\"css-1eosz7k\">Auf den Medaillen sollten eigentlich die Skyline der australischen Metropole und Sehensw\u00fcrdigkeiten, an denen die L\u00e4uferinnen und L\u00e4ufer vorbeikommen, zu sehen sein: Darunter die ber\u00fchmte Harbour Bridge, das Opernhaus und auch das Allianz-Stadion in Sydney. Doch stattdessen sei nun \u201eein bisschen zu viel internationaler Flair\u201c auf die Medaille gelangt, so die Organisatoren, die den Fauxpas mit Humor nehmen. \u201eIhr habt es bemerkt. Wir haben es bemerkt. Wir sind auch nur Menschen &#8230; Es ist eine wundersch\u00f6ne Medaille und jetzt ein bisschen einzigartiger.\u201c Auch der Instagram-Kanal des M\u00fcnchner Stadions hat auf den Vorfall reagiert:\u00a0\u201eOh wow, das hatten wir gar nicht auf unserer Bingo-Karte!\u201c<\/p>\n<p data-manual=\"paragraph\" data-schema-org-speakable=\"true\" class=\"css-1eosz7k\">Der Sydney-<a href=\"https:\/\/www.sueddeutsche.de\/thema\/Marathon\" rel=\"nofollow noopener\" target=\"_blank\">Marathon<\/a> feierte im vergangenen Jahr sein Deb\u00fct als Veranstaltung der Abbott World Marathon Majors. Nach mehr als 120 000 Bewerbungen werden in diesem Jahr am 30. August voraussichtlich rund 40 000 L\u00e4uferinnen und L\u00e4ufer an der diesj\u00e4hrigen Veranstaltung teilnehmen.<\/p>\n","protected":false},"excerpt":{"rendered":"Die Arena in Fr\u00f6ttmaning hat es auf die Finisher-Medaille des Sydney-Marathons geschafft. Wenn nat\u00fcrlich auch unbeabsichtigt. Denn das&hellip;\n","protected":false},"author":2,"featured_media":1255098,"comment_status":"","ping_status":"","sticky":false,"template":"","format":"standard","meta":{"footnotes":"","_share_on_mastodon":"0"},"categories":[1827],"tags":[2721,1912,772,29,2722,30,4082,1268,265,2719,149,120795],"class_list":["post-1255097","post","type-post","status-publish","format-standard","has-post-thumbnail","category-muenchen","tag-allianz-arena","tag-australien","tag-bayern","tag-deutschland","tag-froettmaning","tag-germany","tag-marathon","tag-muenchen","tag-sport","tag-sport-in-muenchen","tag-sueddeutsche-zeitung","tag-sydney"],"share_on_mastodon":{"url":"https:\/\/pubeurope.com\/@de\/117143875489519502","error":""},"_links":{"self":[{"href":"https:\/\/www.europesays.com\/de\/wp-json\/wp\/v2\/posts\/1255097","targetHints":{"allow":["GET"]}}],"collection":[{"href":"https:\/\/www.europesays.com\/de\/wp-json\/wp\/v2\/posts"}],"about":[{"href":"https:\/\/www.europesays.com\/de\/wp-json\/wp\/v2\/types\/post"}],"author":[{"embeddable":true,"href":"https:\/\/www.europesays.com\/de\/wp-json\/wp\/v2\/users\/2"}],"replies":[{"embeddable":true,"href":"https:\/\/www.europesays.com\/de\/wp-json\/wp\/v2\/comments?post=1255097"}],"version-history":[{"count":0,"href":"https:\/\/www.europesays.com\/de\/wp-json\/wp\/v2\/posts\/1255097\/revisions"}],"wp:featuredmedia":[{"embeddable":true,"href":"https:\/\/www.europesays.com\/de\/wp-json\/wp\/v2\/media\/1255098"}],"wp:attachment":[{"href":"https:\/\/www.europesays.com\/de\/wp-json\/wp\/v2\/media?parent=1255097"}],"wp:term":[{"taxonomy":"category","embeddable":true,"href":"https:\/\/www.europesays.com\/de\/wp-json\/wp\/v2\/categories?post=1255097"},{"taxonomy":"post_tag","embeddable":true,"href":"https:\/\/www.europesays.com\/de\/wp-json\/wp\/v2\/tags?post=1255097"}],"curies":[{"name":"wp","href":"https:\/\/api.w.org\/{rel}","templated":true}]}}