{"id":1255126,"date":"2026-08-23T08:43:17","date_gmt":"2026-08-23T08:43:17","guid":{"rendered":"https:\/\/www.europesays.com\/de\/1255126\/"},"modified":"2026-08-23T08:43:17","modified_gmt":"2026-08-23T08:43:17","slug":"hier-laeuft-die-formel-1-heute-live-im-tv-und-stream","status":"publish","type":"post","link":"https:\/\/www.europesays.com\/de\/1255126\/","title":{"rendered":"Hier l\u00e4uft die Formel 1 heute live im TV und Stream"},"content":{"rendered":"\n<p>Die Formel 1 meldet sich am Wochenende aus ihrer Sommerpause zur\u00fcck. In Zandvoort nimmt das WM-Rennen wieder an Fahrt auf. Wo l\u00e4uft der Gro\u00dfe Preis der Niederlande heute live im TV und Stream?<\/p>\n<p><strong>Die Formel 1 jetzt live bei\u00a0<a href=\"https:\/\/clk.tradedoubler.com\/click?p=297463&amp;a=3476224&amp;epi=sky-f1-article&amp;url=https%3A%2F%2Fwww.sky.de%2Fsport%23cont262447\" rel=\"sponsored nofollow noopener\" target=\"_blank\">Sky<\/a>*\u00a0und\u00a0<a href=\"https:\/\/clk.tradedoubler.com\/click?p=331453&amp;a=3476224&amp;epi=wow-f1-article&amp;url=https%3A%2F%2Fwww.wowtv.de%2Flive-sport\" rel=\"sponsored nofollow noopener\" target=\"_blank\">WOW<\/a>* streamen\u00a0 \u2192<\/strong><\/p>\n<p>Mercedes-Youngster Kimi Antonelli f\u00fchrt die Formel 1 (219 Punkte) vor Ferrari-Pilot\u00a0Lewis Hamilton (169) und Teamkollege George Russell (160) an. Der 19-j\u00e4hrige Italiener will in\u00a0Zandvoort das n\u00e4chste Ausrufezeichen setzen.<\/p>\n<p>Die Formel 1 gastiert an diesem Wochenende zum vorerst letzten Mal in den Niederlanden.\u00a0Der Vertrag mit Zandvoort endet mit dieser Saison und wird nicht verl\u00e4ngert.<\/p>\n<p>Oranje-Superstar Max Verstappen gewann drei der f\u00fcnf Ausgaben, seitdem die K\u00f6nigsklasse des Motorsports im Jahr 2021 in die D\u00fcnen zur\u00fcckgekehrt war. Der erste Saisonsieg w\u00fcrde dem viermaligen Formel-1-Weltmeister an diesem Wochenende folgerichtig besonders gut schmecken. Red Bull Racing geht jedoch eher mit Au\u00dfenseiterchancen an den Start.<\/p>\n<p>Die Formel-1-Sessions\u00a0in der \u00dcbersicht:<\/p>\n<p><strong>1. Training<\/strong>: Freitag, 21.08., 12:30 Uhr bei\u00a0<strong><a href=\"https:\/\/clk.tradedoubler.com\/click?p=297463&amp;a=3476224&amp;epi=sky-f1-article&amp;url=https%3A%2F%2Fwww.sky.de%2Fsport%23cont262447\" rel=\"sponsored nofollow noopener\" target=\"_blank\">Sky<\/a><\/strong>* und\u00a0<strong><a href=\"https:\/\/clk.tradedoubler.com\/click?p=331453&amp;a=3476224&amp;epi=wow-f1-article&amp;url=https%3A%2F%2Fwww.wowtv.de%2Flive-sport\" rel=\"sponsored nofollow noopener\" target=\"_blank\">WOW<\/a><\/strong>*<\/p>\n<p><strong>Sprint-Qualifying<\/strong>, Freitag, 21.08., 16:30\u00a0Uhr bei\u00a0<strong><a href=\"https:\/\/clk.tradedoubler.com\/click?p=297463&amp;a=3476224&amp;epi=sky-f1-article&amp;url=https%3A%2F%2Fwww.sky.de%2Fsport%23cont262447\" rel=\"sponsored nofollow noopener\" target=\"_blank\">Sky<\/a><\/strong>* und\u00a0<strong><a href=\"https:\/\/clk.tradedoubler.com\/click?p=331453&amp;a=3476224&amp;epi=wow-f1-article&amp;url=https%3A%2F%2Fwww.wowtv.de%2Flive-sport\" rel=\"sponsored nofollow noopener\" target=\"_blank\">WOW<\/a><\/strong>*<\/p>\n<p><strong>Sprint<\/strong>,\u00a0Samstag, 22.08., 12:00 Uhr bei\u00a0<strong><a href=\"https:\/\/clk.tradedoubler.com\/click?p=297463&amp;a=3476224&amp;epi=sky-f1-article&amp;url=https%3A%2F%2Fwww.sky.de%2Fsport%23cont262447\" rel=\"sponsored nofollow noopener\" target=\"_blank\">Sky<\/a><\/strong>* und\u00a0<strong><a href=\"https:\/\/clk.tradedoubler.com\/click?p=331453&amp;a=3476224&amp;epi=wow-f1-article&amp;url=https%3A%2F%2Fwww.wowtv.de%2Flive-sport\" rel=\"sponsored nofollow noopener\" target=\"_blank\">WOW<\/a><\/strong>*<\/p>\n<p><strong>Qualifying<\/strong>, Samstag, 22.08., 16:00 Uhr\u00a0bei\u00a0<strong><a href=\"https:\/\/clk.tradedoubler.com\/click?p=297463&amp;a=3476224&amp;epi=sky-f1-article&amp;url=https%3A%2F%2Fwww.sky.de%2Fsport%23cont262447\" rel=\"sponsored nofollow noopener\" target=\"_blank\">Sky<\/a><\/strong>*,\u00a0<strong><a href=\"https:\/\/plus.rtl.de\/rtlplus-root\/qualifying-gp-der-niederlande-main-root-service-f_114?utm_source=sportde&amp;utm_medium=owned&amp;utm_campaign=textlink&amp;utm_term=formel-1&amp;utm_content=article\" rel=\"sponsored nofollow noopener\" target=\"_blank\">RTL+<\/a><\/strong>*,\u00a0<strong><a href=\"https:\/\/clk.tradedoubler.com\/click?p=331453&amp;a=3476224&amp;epi=wow-f1-article&amp;url=https%3A%2F%2Fwww.wowtv.de%2Flive-sport\" rel=\"sponsored nofollow noopener\" target=\"_blank\">WOW<\/a><\/strong>* sowie im Free-TV bei NITRO<\/p>\n<p><strong>Rennen<\/strong>: Sonntag, 23.08., 15:00 Uhr\u00a0bei\u00a0bei\u00a0<strong><a href=\"https:\/\/clk.tradedoubler.com\/click?p=297463&amp;a=3476224&amp;epi=sky-f1-article&amp;url=https%3A%2F%2Fwww.sky.de%2Fsport%23cont262447\" rel=\"sponsored nofollow noopener\" target=\"_blank\">Sky<\/a><\/strong>* und\u00a0<strong><a href=\"https:\/\/clk.tradedoubler.com\/click?p=331453&amp;a=3476224&amp;epi=wow-f1-article&amp;url=https%3A%2F%2Fwww.wowtv.de%2Flive-sport\" rel=\"sponsored nofollow noopener\" target=\"_blank\">WOW<\/a><\/strong>*,\u00a0<strong><a href=\"https:\/\/plus.rtl.de\/rtlplus-root\/das-rennen-gp-der-niederlande-main-root-service-f_126?utm_source=sportde&amp;utm_medium=owned&amp;utm_campaign=textlink&amp;utm_term=formel-1&amp;utm_content=article\" rel=\"sponsored nofollow noopener\" target=\"_blank\">RTL+<\/a><\/strong>* sowie im Free-TV bei RTL<\/p>\n<p>Diese Formel-1-Rennwochenenden zeigt RTL 2026 live im Free TV:<\/p>\n<p>12.\/13.09.2026 \u2013 Gro\u00dfer Preis von Spanien (Madrid)<\/p>\n<p>21.\/22.11.2026 \u2013 Gro\u00dfer Preis von Las Vegas<\/p>\n<p>Diese Formel-1-Sessions gibt es 2026 ebenfalls live bei RTL im Free-TV:<\/p>\n<p>05.09.2026 \u2013 Gro\u00dfer Preis von Italien (Monza\/Qualifying)<\/p>\n<p>10.10.2026 \u2013 Gro\u00dfer Preis von Singapur (Sprint)<\/p>\n<p>24.10.2026 \u2013 Gro\u00dfer Preis der USA (Austin\/Qualifying)<\/p>\n<p>Welche Sportevents werden heute live im TV oder Stream \u00fcbertragen? Was l\u00e4uft im Free-TV? <a href=\"https:\/\/www.sport.de\/sport-im-tv-und-stream\/\" target=\"_blank\" rel=\"nofollow noopener\">Hier gibt es alle wichtigen Infos in der \u00dcbersicht.<\/a><\/p>\n<p>Alle Sender, Streaming-Anbieter und Uhrzeiten &#8211; jetzt zum Nachlesen bei <strong>sport.de<\/strong>!<\/p>\n<p class=\"hs-news-owner--description\">*Wir arbeiten in diesem Beitrag mit Affiliate-Links. Wenn Sie \u00fcber diese Links ein Produkt kaufen, erhalten wir vom Anbieter eine Provision. F\u00fcr Sie entstehen dabei keine Mehrkosten. Wo und wann Sie ein Produkt kaufen, bleibt nat\u00fcrlich Ihnen \u00fcberlassen.<\/p>\n","protected":false},"excerpt":{"rendered":"Die Formel 1 meldet sich am Wochenende aus ihrer Sommerpause zur\u00fcck. In Zandvoort nimmt das WM-Rennen wieder an&hellip;\n","protected":false},"author":2,"featured_media":1255127,"comment_status":"","ping_status":"","sticky":false,"template":"","format":"standard","meta":{"footnotes":"","_share_on_mastodon":"0"},"categories":[136],"tags":[29,1572,259592,30,1575,252660,265,863],"class_list":["post-1255126","post","type-post","status-publish","format-standard","has-post-thumbnail","category-sport","tag-deutschland","tag-formel-1","tag-formel-1-2026","tag-germany","tag-motorsport","tag-niederlande-grand-prix","tag-sport","tag-sport-allgemein"],"share_on_mastodon":{"url":"https:\/\/pubeurope.com\/@de\/117143942434545771","error":""},"_links":{"self":[{"href":"https:\/\/www.europesays.com\/de\/wp-json\/wp\/v2\/posts\/1255126","targetHints":{"allow":["GET"]}}],"collection":[{"href":"https:\/\/www.europesays.com\/de\/wp-json\/wp\/v2\/posts"}],"about":[{"href":"https:\/\/www.europesays.com\/de\/wp-json\/wp\/v2\/types\/post"}],"author":[{"embeddable":true,"href":"https:\/\/www.europesays.com\/de\/wp-json\/wp\/v2\/users\/2"}],"replies":[{"embeddable":true,"href":"https:\/\/www.europesays.com\/de\/wp-json\/wp\/v2\/comments?post=1255126"}],"version-history":[{"count":0,"href":"https:\/\/www.europesays.com\/de\/wp-json\/wp\/v2\/posts\/1255126\/revisions"}],"wp:featuredmedia":[{"embeddable":true,"href":"https:\/\/www.europesays.com\/de\/wp-json\/wp\/v2\/media\/1255127"}],"wp:attachment":[{"href":"https:\/\/www.europesays.com\/de\/wp-json\/wp\/v2\/media?parent=1255126"}],"wp:term":[{"taxonomy":"category","embeddable":true,"href":"https:\/\/www.europesays.com\/de\/wp-json\/wp\/v2\/categories?post=1255126"},{"taxonomy":"post_tag","embeddable":true,"href":"https:\/\/www.europesays.com\/de\/wp-json\/wp\/v2\/tags?post=1255126"}],"curies":[{"name":"wp","href":"https:\/\/api.w.org\/{rel}","templated":true}]}}