{"id":1255211,"date":"2026-08-23T09:50:16","date_gmt":"2026-08-23T09:50:16","guid":{"rendered":"https:\/\/www.europesays.com\/de\/1255211\/"},"modified":"2026-08-23T09:50:16","modified_gmt":"2026-08-23T09:50:16","slug":"pol-hb-nr-0554-einer-wie-keiner-die-bilanz-eines-besonderen-samstages","status":"publish","type":"post","link":"https:\/\/www.europesays.com\/de\/1255211\/","title":{"rendered":"POL-HB: Nr.: 0554 &#8211;Einer wie keiner &#8211; Die Bilanz eines besonderen Samstages&#8211;"},"content":{"rendered":"<p class=\"date\">23.08.2026 \u2013 08:47<\/p>\n<p class=\"customer\">\n                        <a class=\"story-customer\" title=\"weiter zum newsroom von Polizei Bremen\" href=\"https:\/\/www.presseportal.de\/blaulicht\/nr\/35235\" rel=\"nofollow noopener\" target=\"_blank\">Polizei Bremen<\/a>\n                    <\/p>\n<p><a data-category=\"citylink-story-view\" data-action=\"click\" data-label=\"Citylink in Meldungsansicht\" class=\"story-city event-trigger\" href=\"https:\/\/www.presseportal.de\/regional\/Bremen\" title=\"News aus Bremen \" rel=\"nofollow noopener\" target=\"_blank\">Bremen<\/a> (ots)<\/p>\n<p>   -Ort: \tBremen<br \/>\nZeit: \t22.08.26<\/p>\n<p>Zehntausende Menschen beim Christopher Street Day, Fu\u00dfballfans beim DFB-Pokal im Weserstadion, Konzertbesucher auf der B\u00fcrgerweide und zahlreiche weitere Veranstaltungen im Stadtgebiet haben die Polizei Bremen am Samstag besonders gefordert. Mehrere hundert Polizistinnen und Polizisten waren im Einsatz. Die Bilanz am Sonntagmorgen f\u00e4llt positiv aus: Die Sicherheits- und Verkehrskonzepte haben sich bew\u00e4hrt, die Gro\u00dfveranstaltungen verliefen insgesamt ohne gr\u00f6\u00dfere St\u00f6rungen.<\/p>\n<p>Bereits am Mittag setzte sich der Christopher Street Day durch die Bremer Innenstadt in Bewegung. Rund 30.000 Menschen nahmen in der Spitze an dem Demonstrationsaufzug teil. Die Versammlung verlief friedlich und ausgelassen. Lediglich am Rande der Aufzugsstrecke musste die Polizei einschreiten. Sechs Personen wollten auf dem Dach eines Parkhauses ein polizeifeindliches Plakat anbringen. Bei ihnen wurden zudem Pyrotechnik und Flyer festgestellt und sichergestellt. Die Einsatzkr\u00e4fte erteilten Platzverweise und leiteten Ermittlungen ein.<\/p>\n<p>Parallel dazu r\u00fcckte am Nachmittag das Weserstadion in den Fokus. Rund 11.000 Zuschauer verfolgten dort die DFB-Pokalpartie zwischen dem SV Hemelingen und Hannover 96. Unter den etwa 7.500 G\u00e4stefans befanden sich rund 400 Personen, die der Risikofanszene zugerechnet wurden. Etwa 2.500 G\u00e4stefans zogen vor dem Spiel gemeinsam in einem Fanmarsch zum Weserstadion. Dieser verlief ohne besondere Vorkommnisse. Nach der Partie verlie\u00df der \u00fcberwiegende Teil der G\u00e4stefans das Stadion und dessen Umfeld individuell. Die Risikofanszene zog gemeinsam zur\u00fcck zum Bremer Hauptbahnhof und verlie\u00df anschlie\u00dfend das Stadtgebiet. Auch hierbei kam es zu keinen besonderen Vorkommnissen.<\/p>\n<p>Am Abend verlagerte sich ein weiterer Einsatzschwerpunkt auf die B\u00fcrgerweide. Rund 13.400 Menschen besuchten dort in der Spitze das Open-Air-Konzert. Wiederholte Regenschauer vor Veranstaltungsbeginn f\u00fchrten dazu, dass viele Besucherinnen und Besucher sp\u00e4ter als erwartet anreisten. Das Verkehrskonzept griff: Im \u00f6ffentlichen Verkehrsraum kam es im Zusammenhang mit der An- und Abreise zu keinen gr\u00f6\u00dferen Problemen.<\/p>\n<p>W\u00e4hrend des Konzertes mussten die Einsatzkr\u00e4fte vereinzelt wegen Straftaten einschreiten. Unter anderem wurden K\u00f6rperverletzungsdelikte, Verst\u00f6\u00dfe im Zusammenhang mit Pyrotechnik sowie ein Fall von Volksverhetzung registriert. Art und Umfang der polizeilichen Eins\u00e4tze bewegten sich insgesamt im erwarteten Rahmen. Die Video\u00fcberwachung im Veranstaltungsbereich bew\u00e4hrte sich dabei: Strafrechtlich relevante Situationen konnten aufgezeichnet und die Aufnahmen f\u00fcr die weiteren Ermittlungsverfahren gesichert werden.<\/p>\n<p>Auch abseits der gro\u00dfen Veranstaltungen waren Einsatzkr\u00e4fte gefordert. Beim Sch\u00fctzenfest in Borgfeld r\u00fcckte die Polizei aufgrund mehrerer Schl\u00e4gereien und Bedrohungen aus und musste einschreiten.<\/p>\n<p>Fazit: Die Polizei Bremen, unterst\u00fctzt von ausw\u00e4rtigen Einsatzkr\u00e4ften, sorgte daf\u00fcr, dass der au\u00dfergew\u00f6hnliche Veranstaltungssamstag mit Zehntausenden G\u00e4sten ohne gr\u00f6\u00dfere St\u00f6rungen verlief. Die Sicherheits- und Verkehrskonzepte haben sich bew\u00e4hrt.<\/p>\n<p class=\"contact-headline\">R\u00fcckfragen bitte an:<\/p>\n<p class=\"contact-text\">Pressestelle Polizei Bremen<br \/>Nils Matthiesen<br \/>Telefon: 0421 361-12114<br \/><a target=\"_blank\" class=\"uri-ext outbound\" rel=\"noopener nofollow\" href=\"http:\/\/www.polizei.bremen.de\">http:\/\/www.polizei.bremen.de<\/a><br \/><a target=\"_blank\" class=\"uri-ext outbound\" rel=\"noopener nofollow\" href=\"http:\/\/www.polizei-beratung.de\">http:\/\/www.polizei-beratung.de<\/a><\/p>\n<p class=\"originator\">Original-Content von: Polizei Bremen, \u00fcbermittelt durch news aktuell<\/p>\n","protected":false},"excerpt":{"rendered":"23.08.2026 \u2013 08:47 Polizei Bremen Bremen (ots) -Ort: Bremen Zeit: 22.08.26 Zehntausende Menschen beim Christopher Street Day, Fu\u00dfballfans&hellip;\n","protected":false},"author":2,"featured_media":1184682,"comment_status":"","ping_status":"","sticky":false,"template":"","format":"standard","meta":{"footnotes":"","_share_on_mastodon":"0"},"categories":[1824],"tags":[2420,3364,29,30,7309,177,5404,121,178,180,179,181],"class_list":["post-1255211","post","type-post","status-publish","format-standard","has-post-thumbnail","category-bremen","tag-bremen","tag-de","tag-deutschland","tag-germany","tag-hb","tag-kriminalitt","tag-ni","tag-polizei","tag-presse","tag-pressemeldung","tag-pressemitteilung","tag-pressemitteilungen"],"share_on_mastodon":{"url":"","error":""},"_links":{"self":[{"href":"https:\/\/www.europesays.com\/de\/wp-json\/wp\/v2\/posts\/1255211","targetHints":{"allow":["GET"]}}],"collection":[{"href":"https:\/\/www.europesays.com\/de\/wp-json\/wp\/v2\/posts"}],"about":[{"href":"https:\/\/www.europesays.com\/de\/wp-json\/wp\/v2\/types\/post"}],"author":[{"embeddable":true,"href":"https:\/\/www.europesays.com\/de\/wp-json\/wp\/v2\/users\/2"}],"replies":[{"embeddable":true,"href":"https:\/\/www.europesays.com\/de\/wp-json\/wp\/v2\/comments?post=1255211"}],"version-history":[{"count":0,"href":"https:\/\/www.europesays.com\/de\/wp-json\/wp\/v2\/posts\/1255211\/revisions"}],"wp:featuredmedia":[{"embeddable":true,"href":"https:\/\/www.europesays.com\/de\/wp-json\/wp\/v2\/media\/1184682"}],"wp:attachment":[{"href":"https:\/\/www.europesays.com\/de\/wp-json\/wp\/v2\/media?parent=1255211"}],"wp:term":[{"taxonomy":"category","embeddable":true,"href":"https:\/\/www.europesays.com\/de\/wp-json\/wp\/v2\/categories?post=1255211"},{"taxonomy":"post_tag","embeddable":true,"href":"https:\/\/www.europesays.com\/de\/wp-json\/wp\/v2\/tags?post=1255211"}],"curies":[{"name":"wp","href":"https:\/\/api.w.org\/{rel}","templated":true}]}}