{"id":1255347,"date":"2026-08-23T11:39:16","date_gmt":"2026-08-23T11:39:16","guid":{"rendered":"https:\/\/www.europesays.com\/de\/1255347\/"},"modified":"2026-08-23T11:39:16","modified_gmt":"2026-08-23T11:39:16","slug":"pol-mfr-770-scheibe-einer-strassenbahn-beschaedigt","status":"publish","type":"post","link":"https:\/\/www.europesays.com\/de\/1255347\/","title":{"rendered":"POL-MFR: (770) Scheibe einer Stra\u00dfenbahn besch\u00e4digt"},"content":{"rendered":"<p class=\"date\">23.08.2026 \u2013 13:09<\/p>\n<p class=\"customer\">\n                        <a class=\"story-customer\" title=\"weiter zum newsroom von Polizeipr\u00e4sidium Mittelfranken\" href=\"https:\/\/www.presseportal.de\/blaulicht\/nr\/6013\" rel=\"nofollow noopener\" target=\"_blank\">Polizeipr\u00e4sidium Mittelfranken<\/a>\n                    <\/p>\n<p><a data-category=\"citylink-story-view\" data-action=\"click\" data-label=\"Citylink in Meldungsansicht\" class=\"story-city event-trigger\" href=\"https:\/\/www.presseportal.de\/regional\/N%FCrnberg\" title=\"News aus N\u00fcrnberg \" rel=\"nofollow noopener\" target=\"_blank\">N\u00fcrnberg<\/a> (ots)<\/p>\n<p>In der Nacht zum Samstag (22.08.2026) schlug eine 53-j\u00e4hrige Frau in der Landgrabenstra\u00dfe die Scheibe einer Stra\u00dfenbahn ein. Die Polizei nahm die Frau anschlie\u00dfend in Gewahrsam und brachte sie in eine Fachklinik.<\/p>\n<p>Gegen 00:30 Uhr zerst\u00f6rte die Frau (deutsch) mit einem Hammer die Scheibe einer T\u00fcr der Stra\u00dfenbahn. Nach ersten Sch\u00e4tzungen entstand ein Sachschaden von rund 2.000 Euro. Nach bisherigen Erkenntnissen rief die Frau w\u00e4hrend ihres Aufenthalts in der Stra\u00dfenbahn zudem rechtsextreme Parolen.<\/p>\n<p>Eine Streife der Polizeiinspektion N\u00fcrnberg-S\u00fcd traf die Frau noch vor Ort an. Da sie sich augenscheinlich in einer psychischen Ausnahmesituation befand und sich gegen\u00fcber den Beamten unkooperativ verhielt, nahmen die Einsatzkr\u00e4fte die 53-J\u00e4hrige in Gewahrsam. Im weiteren Verlauf trat die Frau nach den Beamten. Verletzt wurde hierbei niemand. Ein Krankentransportwagen brachte sie anschlie\u00dfend in eine Fachklinik.<\/p>\n<p>Die Polizeiinspektion N\u00fcrnberg-S\u00fcd leitete gegen die Frau unter anderem ein Ermittlungsverfahren wegen des Verdachts der Sachbesch\u00e4digung, des Widerstands bzw. des t\u00e4tlichen Angriffs auf Polizeibeamte sowie wegen der ge\u00e4u\u00dferten Parolen ein.<\/p>\n<p>Erstellt durch: Michael Sebald<\/p>\n<p class=\"contact-headline\">R\u00fcckfragen bitte an:<\/p>\n<p class=\"contact-text\">Polizeipr\u00e4sidium Mittelfranken<br \/>Pr\u00e4sidialb\u00fcro &#8211; Pressestelle<br \/>Jakobsplatz 5<br \/>D-90402 N\u00fcrnberg<br \/>E-Mail: <a href=\"https:\/\/www.presseportal.de\/blaulicht\/pm\/6013\/mailto:pp-mfr.pressestelle@polizei.bayern.de\" class=\"uri-mailto\" rel=\"nofollow noopener\" target=\"_blank\">pp-mfr.pressestelle@polizei.bayern.de<\/a><\/p>\n<p>Erreichbarkeiten:<br \/>Montag bis Donnerstag<br \/>07:00 bis 16:00 Uhr<br \/>Freitag<br \/>07:00 bis 15:00 Uhr<br \/>Sonntag<br \/>11:00 bis 14:00 Uhr<\/p>\n<p>Telefon: +49 (0)911 2112 1030<\/p>\n<p>Au\u00dferhalb der B\u00fcrozeiten:<\/p>\n<p>Telefon: +49 (0)911 2112 1553<\/p>\n<p>Die Pressestelle des Polizeipr\u00e4sidiums Mittelfranken im Internet:<br \/><a target=\"_blank\" class=\"uri-ext outbound\" rel=\"noopener nofollow\" href=\"http:\/\/ots.de\/P4TQ8h\">http:\/\/ots.de\/P4TQ8h<\/a><\/p>\n<p class=\"originator\">Original-Content von: Polizeipr\u00e4sidium Mittelfranken, \u00fcbermittelt durch news aktuell<\/p>\n","protected":false},"excerpt":{"rendered":"23.08.2026 \u2013 13:09 Polizeipr\u00e4sidium Mittelfranken N\u00fcrnberg (ots) In der Nacht zum Samstag (22.08.2026) schlug eine 53-j\u00e4hrige Frau in&hellip;\n","protected":false},"author":2,"featured_media":1184682,"comment_status":"","ping_status":"","sticky":false,"template":"","format":"standard","meta":{"footnotes":"","_share_on_mastodon":"0"},"categories":[1837],"tags":[772,2918,3364,29,30,177,3783,121,178,180,179,181],"class_list":["post-1255347","post","type-post","status-publish","format-standard","has-post-thumbnail","category-nuernberg","tag-bayern","tag-by","tag-de","tag-deutschland","tag-germany","tag-kriminalitt","tag-nuernberg","tag-polizei","tag-presse","tag-pressemeldung","tag-pressemitteilung","tag-pressemitteilungen"],"share_on_mastodon":{"url":"https:\/\/pubeurope.com\/@de\/117144634402842295","error":""},"_links":{"self":[{"href":"https:\/\/www.europesays.com\/de\/wp-json\/wp\/v2\/posts\/1255347","targetHints":{"allow":["GET"]}}],"collection":[{"href":"https:\/\/www.europesays.com\/de\/wp-json\/wp\/v2\/posts"}],"about":[{"href":"https:\/\/www.europesays.com\/de\/wp-json\/wp\/v2\/types\/post"}],"author":[{"embeddable":true,"href":"https:\/\/www.europesays.com\/de\/wp-json\/wp\/v2\/users\/2"}],"replies":[{"embeddable":true,"href":"https:\/\/www.europesays.com\/de\/wp-json\/wp\/v2\/comments?post=1255347"}],"version-history":[{"count":0,"href":"https:\/\/www.europesays.com\/de\/wp-json\/wp\/v2\/posts\/1255347\/revisions"}],"wp:featuredmedia":[{"embeddable":true,"href":"https:\/\/www.europesays.com\/de\/wp-json\/wp\/v2\/media\/1184682"}],"wp:attachment":[{"href":"https:\/\/www.europesays.com\/de\/wp-json\/wp\/v2\/media?parent=1255347"}],"wp:term":[{"taxonomy":"category","embeddable":true,"href":"https:\/\/www.europesays.com\/de\/wp-json\/wp\/v2\/categories?post=1255347"},{"taxonomy":"post_tag","embeddable":true,"href":"https:\/\/www.europesays.com\/de\/wp-json\/wp\/v2\/tags?post=1255347"}],"curies":[{"name":"wp","href":"https:\/\/api.w.org\/{rel}","templated":true}]}}