{"id":1255380,"date":"2026-08-23T12:08:20","date_gmt":"2026-08-23T12:08:20","guid":{"rendered":"https:\/\/www.europesays.com\/de\/1255380\/"},"modified":"2026-08-23T12:08:20","modified_gmt":"2026-08-23T12:08:20","slug":"frankfurt-ladendieb-verletzt-zwei-polizisten-bei-festnahme","status":"publish","type":"post","link":"https:\/\/www.europesays.com\/de\/1255380\/","title":{"rendered":"Frankfurt: Ladendieb verletzt zwei Polizisten bei Festnahme"},"content":{"rendered":"<p>Auf der Zeil <\/p>\n<p>Ladendieb verletzt zwei Polizisten bei Festnahme<\/p>\n<p>23.08.2026 &#8211; 13:17 UhrLesedauer: 1 Min.<\/p>\n<p><a href=\"#focus-0\" class=\"transition-colors block text-current relative\" data-sctrack=\"FocusGalleryImage.Reference\"><img fetchpriority=\"high\" data-testid=\"Opener.Image\"   loading=\"eager\" src=\"https:\/\/www.europesays.com\/de\/wp-content\/uploads\/2026\/08\/wegen-des-geleisteten-widerstands-seien-weitere-polizisten-hinzugezogen-worden-symbolbild.jpg\" alt=\"Polizei Symbolbild\" title=\"Polizei Symbolbild\" width=\"2048\" height=\"1152\" class=\"bg-[url:var(--lqipURL)] bg-cover bg-center flex h-full w-full max-w-full\" style=\"--lqipURL:url('https:\/\/images.t-online.de\/2026\/08\/XdzypgoKWm4U\/0x107:2048x1152\/fit-in\/150x0\/filters:blur(25)\/wegen-des-geleisteten-widerstands-seien-weitere-polizisten-hinzugezogen-worden-symbolbild.jpg')\" decoding=\"async\"\/><img loading=\"lazy\" src=\"https:\/\/frankfurt.t-online.de\/s\/paper\/_next\/static\/media\/zoom-in.f7dae02f.svg\" alt=\"Vergr\u00f6\u00dfern des Bildes\" title=\"Vergr\u00f6\u00dfern des Bildes\" class=\"block h-[calc(var(--height)_\/_16_*_1rem)] w-[calc(var(--width)_\/_16_*_1rem)] max-w-none absolute right-8 bottom-8 rounded-4 bg-snow p-8\" style=\"--width:32;--height:32\" decoding=\"async\"\/><\/a><\/p>\n<p>Blaulicht auf einem Einsatzwagen der Polizei (Symbolbild): Bei einem Einsatz wurden Polizisten verletzt. (Quelle: Marcus Brandt\/dpa\/dpa-bilder)<\/p>\n<p class=\"font-bold text-18 leading-17 user-text-lg:text-22 user-text-xl:text-24\">Ein 26-J\u00e4hriger wehrt sich auf der Zeil massiv gegen eine Durchsuchung. Zwei Beamte werden durch seine ruckartigen Bewegungen verletzt.<\/p>\n<p class=\"text-18 leading-17 user-text-lg:text-22 user-text-xl:text-24\">Bei der Festnahme eines Ladendiebs in einem Einkaufsmarkt auf der Frankfurter Zeil sind am Samstagabend zwei Polizisten leicht verletzt worden. Der 26-j\u00e4hrige Beschuldigte habe sich massiv gegen eine k\u00f6rperliche Durchsuchung gewehrt, teilte die Polizei mit. Durch seine ruckartigen Bewegungen zogen sich zwei Beamte dabei leichte Verletzungen zu.<\/p>\n<p class=\"text-18 leading-17 user-text-lg:text-22 user-text-xl:text-24\">Die Polizei erkl\u00e4rte, die Durchsuchung sei dem Mann zuvor mehrfach erkl\u00e4rt und angek\u00fcndigt worden. Wegen seines anhaltenden Widerstands seien weitere Beamte hinzugezogen worden.<\/p>\n<p class=\"text-18 leading-17 user-text-lg:text-22 user-text-xl:text-24\">Schlie\u00dflich legten die Beamten dem Mann nach Polizeiangaben Bein- und Handfesseln an und brachten ihn in ein nahegelegenes Polizeirevier.<\/p>\n","protected":false},"excerpt":{"rendered":"Auf der Zeil Ladendieb verletzt zwei Polizisten bei Festnahme 23.08.2026 &#8211; 13:17 UhrLesedauer: 1 Min. Blaulicht auf einem&hellip;\n","protected":false},"author":2,"featured_media":1255381,"comment_status":"","ping_status":"","sticky":false,"template":"","format":"standard","meta":{"footnotes":"","_share_on_mastodon":"0"},"categories":[1829],"tags":[722,17161,29,4417,8393,980,2050,2051,30,2052,121],"class_list":["post-1255380","post","type-post","status-publish","format-standard","has-post-thumbnail","category-frankfurt-am-main","tag-722","tag-17161","tag-deutschland","tag-durchsuchung","tag-einsatzwagen","tag-festnahme","tag-frankfurt","tag-frankfurt-am-main","tag-germany","tag-hessen","tag-polizei"],"share_on_mastodon":{"url":"https:\/\/pubeurope.com\/@de\/117144751323628423","error":""},"_links":{"self":[{"href":"https:\/\/www.europesays.com\/de\/wp-json\/wp\/v2\/posts\/1255380","targetHints":{"allow":["GET"]}}],"collection":[{"href":"https:\/\/www.europesays.com\/de\/wp-json\/wp\/v2\/posts"}],"about":[{"href":"https:\/\/www.europesays.com\/de\/wp-json\/wp\/v2\/types\/post"}],"author":[{"embeddable":true,"href":"https:\/\/www.europesays.com\/de\/wp-json\/wp\/v2\/users\/2"}],"replies":[{"embeddable":true,"href":"https:\/\/www.europesays.com\/de\/wp-json\/wp\/v2\/comments?post=1255380"}],"version-history":[{"count":0,"href":"https:\/\/www.europesays.com\/de\/wp-json\/wp\/v2\/posts\/1255380\/revisions"}],"wp:featuredmedia":[{"embeddable":true,"href":"https:\/\/www.europesays.com\/de\/wp-json\/wp\/v2\/media\/1255381"}],"wp:attachment":[{"href":"https:\/\/www.europesays.com\/de\/wp-json\/wp\/v2\/media?parent=1255380"}],"wp:term":[{"taxonomy":"category","embeddable":true,"href":"https:\/\/www.europesays.com\/de\/wp-json\/wp\/v2\/categories?post=1255380"},{"taxonomy":"post_tag","embeddable":true,"href":"https:\/\/www.europesays.com\/de\/wp-json\/wp\/v2\/tags?post=1255380"}],"curies":[{"name":"wp","href":"https:\/\/api.w.org\/{rel}","templated":true}]}}