{"id":1255411,"date":"2026-08-23T12:29:16","date_gmt":"2026-08-23T12:29:16","guid":{"rendered":"https:\/\/www.europesays.com\/de\/1255411\/"},"modified":"2026-08-23T12:29:16","modified_gmt":"2026-08-23T12:29:16","slug":"rocknacht-in-gerderhahn-mit-drei-bands","status":"publish","type":"post","link":"https:\/\/www.europesays.com\/de\/1255411\/","title":{"rendered":"Rocknacht in Gerderhahn mit drei Bands"},"content":{"rendered":"<p class=\"text_ohne_einzug richtext text-em-55 !leading-serif mx-6 desktop:mx-0\"> Nach Paroli aus Aachen stand am Samstagabend die Erkelenzer Band Eight Feet Fine auf der B\u00fchne, die den Abend mitorganisiert. Und zum Abschluss sorgte erstmals in Gerderhahn eine irische Band f\u00fcr Stimmung: Die vierk\u00f6pfige Alternative-Rock- und Pop-Band aus <a href=\"https:\/\/rp-online.de\/thema\/dublin\/\" rel=\"nofollow noopener\" target=\"_blank\">Dublin<\/a> und Kildare brachte melodischen, kraftvollen und beatlastigen Rock aus <a href=\"https:\/\/rp-online.de\/thema\/irland\/\" rel=\"nofollow noopener\" target=\"_blank\">Irland<\/a> nach Gerderhahn. <\/p>\n","protected":false},"excerpt":{"rendered":"Nach Paroli aus Aachen stand am Samstagabend die Erkelenzer Band Eight Feet Fine auf der B\u00fchne, die den&hellip;\n","protected":false},"author":2,"featured_media":1255412,"comment_status":"","ping_status":"","sticky":false,"template":"","format":"standard","meta":{"footnotes":"","_share_on_mastodon":"0"},"categories":[1772],"tags":[6329,29,214,259669,30,1779,810,215],"class_list":["post-1255411","post","type-post","status-publish","format-standard","has-post-thumbnail","category-musik","tag-band","tag-deutschland","tag-entertainment","tag-gerderhahn","tag-germany","tag-music","tag-musik","tag-unterhaltung"],"share_on_mastodon":{"url":"https:\/\/pubeurope.com\/@de\/117144830804895738","error":""},"_links":{"self":[{"href":"https:\/\/www.europesays.com\/de\/wp-json\/wp\/v2\/posts\/1255411","targetHints":{"allow":["GET"]}}],"collection":[{"href":"https:\/\/www.europesays.com\/de\/wp-json\/wp\/v2\/posts"}],"about":[{"href":"https:\/\/www.europesays.com\/de\/wp-json\/wp\/v2\/types\/post"}],"author":[{"embeddable":true,"href":"https:\/\/www.europesays.com\/de\/wp-json\/wp\/v2\/users\/2"}],"replies":[{"embeddable":true,"href":"https:\/\/www.europesays.com\/de\/wp-json\/wp\/v2\/comments?post=1255411"}],"version-history":[{"count":0,"href":"https:\/\/www.europesays.com\/de\/wp-json\/wp\/v2\/posts\/1255411\/revisions"}],"wp:featuredmedia":[{"embeddable":true,"href":"https:\/\/www.europesays.com\/de\/wp-json\/wp\/v2\/media\/1255412"}],"wp:attachment":[{"href":"https:\/\/www.europesays.com\/de\/wp-json\/wp\/v2\/media?parent=1255411"}],"wp:term":[{"taxonomy":"category","embeddable":true,"href":"https:\/\/www.europesays.com\/de\/wp-json\/wp\/v2\/categories?post=1255411"},{"taxonomy":"post_tag","embeddable":true,"href":"https:\/\/www.europesays.com\/de\/wp-json\/wp\/v2\/tags?post=1255411"}],"curies":[{"name":"wp","href":"https:\/\/api.w.org\/{rel}","templated":true}]}}