{"id":1255422,"date":"2026-08-23T12:38:16","date_gmt":"2026-08-23T12:38:16","guid":{"rendered":"https:\/\/www.europesays.com\/de\/1255422\/"},"modified":"2026-08-23T12:38:16","modified_gmt":"2026-08-23T12:38:16","slug":"todesrisiko-tesla-tuer-jetzt-3-millionen-rueckrufe-politik","status":"publish","type":"post","link":"https:\/\/www.europesays.com\/de\/1255422\/","title":{"rendered":"Todesrisiko Tesla-T\u00fcr! Jetzt 3 Millionen R\u00fcckrufe | Politik"},"content":{"rendered":"<p><b>Futuristisches Design wird f\u00fcr Tesla-Fahrer zur potenziellen Todesfalle! Denn die versenkbaren T\u00fcrgriffe, einst gefeiertes Markenzeichen, stehen nach t\u00f6dlichen Unf\u00e4llen massiv in der Kritik. Jetzt m\u00fcssen deshalb sogar knapp 3 Millionen Fahrzeuge des E-Auto-Riesen zur\u00fcckgerufen werden \u2013\u00a0zun\u00e4chst in China, doch die Autos fahren weltweit. <\/b><\/p>\n<p>Lesen Sie alle Hintergr\u00fcnde und Einordnungen dazu mit BILDplus.<\/p>\n","protected":false},"excerpt":{"rendered":"Futuristisches Design wird f\u00fcr Tesla-Fahrer zur potenziellen Todesfalle! Denn die versenkbaren T\u00fcrgriffe, einst gefeiertes Markenzeichen, stehen nach t\u00f6dlichen&hellip;\n","protected":false},"author":2,"featured_media":1255423,"comment_status":"","ping_status":"","sticky":false,"template":"","format":"standard","meta":{"footnotes":"","_share_on_mastodon":"0"},"categories":[134],"tags":[175,170,169,29,1138,30,171,174,2934,138370,760,147279,2624,173,172],"class_list":["post-1255422","post","type-post","status-publish","format-standard","has-post-thumbnail","category-unternehmen-maerkte","tag-business","tag-companies","tag-companies-markets","tag-deutschland","tag-elektroauto","tag-germany","tag-markets","tag-maerkte","tag-musk-elon","tag-team-first","tag-tesla","tag-tesla-model-s","tag-unfaelle","tag-unternehmen","tag-unternehmen-maerkte"],"share_on_mastodon":{"url":"https:\/\/pubeurope.com\/@de\/117144866267894521","error":""},"_links":{"self":[{"href":"https:\/\/www.europesays.com\/de\/wp-json\/wp\/v2\/posts\/1255422","targetHints":{"allow":["GET"]}}],"collection":[{"href":"https:\/\/www.europesays.com\/de\/wp-json\/wp\/v2\/posts"}],"about":[{"href":"https:\/\/www.europesays.com\/de\/wp-json\/wp\/v2\/types\/post"}],"author":[{"embeddable":true,"href":"https:\/\/www.europesays.com\/de\/wp-json\/wp\/v2\/users\/2"}],"replies":[{"embeddable":true,"href":"https:\/\/www.europesays.com\/de\/wp-json\/wp\/v2\/comments?post=1255422"}],"version-history":[{"count":0,"href":"https:\/\/www.europesays.com\/de\/wp-json\/wp\/v2\/posts\/1255422\/revisions"}],"wp:featuredmedia":[{"embeddable":true,"href":"https:\/\/www.europesays.com\/de\/wp-json\/wp\/v2\/media\/1255423"}],"wp:attachment":[{"href":"https:\/\/www.europesays.com\/de\/wp-json\/wp\/v2\/media?parent=1255422"}],"wp:term":[{"taxonomy":"category","embeddable":true,"href":"https:\/\/www.europesays.com\/de\/wp-json\/wp\/v2\/categories?post=1255422"},{"taxonomy":"post_tag","embeddable":true,"href":"https:\/\/www.europesays.com\/de\/wp-json\/wp\/v2\/tags?post=1255422"}],"curies":[{"name":"wp","href":"https:\/\/api.w.org\/{rel}","templated":true}]}}