{"id":1255475,"date":"2026-08-23T13:20:22","date_gmt":"2026-08-23T13:20:22","guid":{"rendered":"https:\/\/www.europesays.com\/de\/1255475\/"},"modified":"2026-08-23T13:20:22","modified_gmt":"2026-08-23T13:20:22","slug":"energieversorgung-auch-die-atomkraft-ist-anfaellig-fuer-die-launen-des-wetters-meinung","status":"publish","type":"post","link":"https:\/\/www.europesays.com\/de\/1255475\/","title":{"rendered":"Energieversorgung: Auch die Atomkraft ist anf\u00e4llig f\u00fcr die Launen des Wetters &#8211; Meinung"},"content":{"rendered":"<p data-manual=\"paragraph\" data-schema-org-speakable=\"true\" class=\"css-1ygz9cx\">Wie w\u00fcrden die Reden jetzt wohl ausfallen? Bei einem vom franz\u00f6sischen Pr\u00e4sidenten Emmanuel Macron im M\u00e4rz einberufenen Gipfel hielten Vertreter von 60 Staaten ein Loblied auf die <a href=\"https:\/\/www.sueddeutsche.de\/thema\/Atomkraft\" rel=\"nofollow noopener\" target=\"_blank\">Atomkraft<\/a>, forderten eine Renaissance der Kernenergie. Und so ist nach dem Fukushima-Schock die Kernenergie wieder auf dem Vormarsch: In 15 L\u00e4ndern werden derzeit Reaktoren gebaut.<\/p>\n","protected":false},"excerpt":{"rendered":"Wie w\u00fcrden die Reden jetzt wohl ausfallen? Bei einem vom franz\u00f6sischen Pr\u00e4sidenten Emmanuel Macron im M\u00e4rz einberufenen Gipfel&hellip;\n","protected":false},"author":2,"featured_media":1255476,"comment_status":"","ping_status":"","sticky":false,"template":"","format":"standard","meta":{"footnotes":"","_share_on_mastodon":"0"},"categories":[3974],"tags":[331,332,34847,5032,147,29,1149,4552,627,1520,9700,548,663,158,3934,3980,156,13,148,3074,14,15,12,149],"class_list":["post-1255475","post","type-post","status-publish","format-standard","has-post-thumbnail","category-frankreich","tag-aktuelle-nachrichten","tag-aktuelle-news","tag-atomausstieg","tag-atomkraft","tag-ausland","tag-deutschland","tag-energie","tag-energiepolitik","tag-energieversorgung","tag-energiewende","tag-erneuerbare-energien","tag-eu","tag-europa","tag-europaeische-union","tag-europe","tag-france","tag-frankreich","tag-headlines","tag-leserdiskussion","tag-meinung","tag-nachrichten","tag-news","tag-schlagzeilen","tag-sueddeutsche-zeitung"],"share_on_mastodon":{"url":"https:\/\/pubeurope.com\/@de\/117145031418818426","error":""},"_links":{"self":[{"href":"https:\/\/www.europesays.com\/de\/wp-json\/wp\/v2\/posts\/1255475","targetHints":{"allow":["GET"]}}],"collection":[{"href":"https:\/\/www.europesays.com\/de\/wp-json\/wp\/v2\/posts"}],"about":[{"href":"https:\/\/www.europesays.com\/de\/wp-json\/wp\/v2\/types\/post"}],"author":[{"embeddable":true,"href":"https:\/\/www.europesays.com\/de\/wp-json\/wp\/v2\/users\/2"}],"replies":[{"embeddable":true,"href":"https:\/\/www.europesays.com\/de\/wp-json\/wp\/v2\/comments?post=1255475"}],"version-history":[{"count":0,"href":"https:\/\/www.europesays.com\/de\/wp-json\/wp\/v2\/posts\/1255475\/revisions"}],"wp:featuredmedia":[{"embeddable":true,"href":"https:\/\/www.europesays.com\/de\/wp-json\/wp\/v2\/media\/1255476"}],"wp:attachment":[{"href":"https:\/\/www.europesays.com\/de\/wp-json\/wp\/v2\/media?parent=1255475"}],"wp:term":[{"taxonomy":"category","embeddable":true,"href":"https:\/\/www.europesays.com\/de\/wp-json\/wp\/v2\/categories?post=1255475"},{"taxonomy":"post_tag","embeddable":true,"href":"https:\/\/www.europesays.com\/de\/wp-json\/wp\/v2\/tags?post=1255475"}],"curies":[{"name":"wp","href":"https:\/\/api.w.org\/{rel}","templated":true}]}}