{"id":1255595,"date":"2026-08-23T14:42:16","date_gmt":"2026-08-23T14:42:16","guid":{"rendered":"https:\/\/www.europesays.com\/de\/1255595\/"},"modified":"2026-08-23T14:42:16","modified_gmt":"2026-08-23T14:42:16","slug":"verkehrsgutachten-schauffele-gelaende-fuer-wohnhaeuser-geeignet-woerth","status":"publish","type":"post","link":"https:\/\/www.europesays.com\/de\/1255595\/","title":{"rendered":"Verkehrsgutachten: Schauffele-Gel\u00e4nde f\u00fcr Wohnh\u00e4user geeignet &#8211; W\u00f6rth"},"content":{"rendered":"<p class=\"rhp-dpa-teaser\"><b>Auf dem Schauffele-Gel\u00e4nde sollen Wohnh\u00e4user gebaut und Gewerbebetriebe angesiedelt werden. Aber verkraftet die Infrastruktur den zus\u00e4tzlichen Verkehr?<\/b><\/p>\n<p> Im Februar hat der Stadtrat grunds\u00e4tzlich beschlossen, dass auf dem 13,5 Hektar gro\u00dfen Schauffele-Gel\u00e4nde in erster Linie Wohnungen \u2013 von 276 Wohneinheiten ist die Rede \u2013 und Gewerbebetriebe Platz finden sollen, nachdem zuvor die Pl\u00e4ne f\u00fcr einen Sport- und Freizeitpark beerdigt worden waren.<\/p>\n<p class=\"rhp-teaser\"><b>Auf dem Schauffele-Gel\u00e4nde sollen Wohnh\u00e4user gebaut und Gewerbebetriebe angesiedelt werden. Aber verkraftet die Infrastruktur den zus\u00e4tzlichen Verkehr?<\/b><\/p>\n","protected":false},"excerpt":{"rendered":"Auf dem Schauffele-Gel\u00e4nde sollen Wohnh\u00e4user gebaut und Gewerbebetriebe angesiedelt werden. Aber verkraftet die Infrastruktur den zus\u00e4tzlichen Verkehr? Im&hellip;\n","protected":false},"author":2,"featured_media":1255596,"comment_status":"","ping_status":"","sticky":false,"template":"","format":"standard","meta":{"footnotes":"","_share_on_mastodon":"0"},"categories":[1844],"tags":[1634,3364,29,30,255291,26150,8903,4060,259695,259694,259696,26148],"class_list":["post-1255595","post","type-post","status-publish","format-standard","has-post-thumbnail","category-karlsruhe","tag-baden-wuerttemberg","tag-de","tag-deutschland","tag-germany","tag-hagenbacher-strasse","tag-hanns-martin-schleyer-strasse","tag-karlsruhe","tag-lokal","tag-sascha-klein","tag-verkehrsgutachten","tag-wolfsgewanne","tag-woerth"],"share_on_mastodon":{"url":"https:\/\/pubeurope.com\/@de\/117145354015338653","error":""},"_links":{"self":[{"href":"https:\/\/www.europesays.com\/de\/wp-json\/wp\/v2\/posts\/1255595","targetHints":{"allow":["GET"]}}],"collection":[{"href":"https:\/\/www.europesays.com\/de\/wp-json\/wp\/v2\/posts"}],"about":[{"href":"https:\/\/www.europesays.com\/de\/wp-json\/wp\/v2\/types\/post"}],"author":[{"embeddable":true,"href":"https:\/\/www.europesays.com\/de\/wp-json\/wp\/v2\/users\/2"}],"replies":[{"embeddable":true,"href":"https:\/\/www.europesays.com\/de\/wp-json\/wp\/v2\/comments?post=1255595"}],"version-history":[{"count":0,"href":"https:\/\/www.europesays.com\/de\/wp-json\/wp\/v2\/posts\/1255595\/revisions"}],"wp:featuredmedia":[{"embeddable":true,"href":"https:\/\/www.europesays.com\/de\/wp-json\/wp\/v2\/media\/1255596"}],"wp:attachment":[{"href":"https:\/\/www.europesays.com\/de\/wp-json\/wp\/v2\/media?parent=1255595"}],"wp:term":[{"taxonomy":"category","embeddable":true,"href":"https:\/\/www.europesays.com\/de\/wp-json\/wp\/v2\/categories?post=1255595"},{"taxonomy":"post_tag","embeddable":true,"href":"https:\/\/www.europesays.com\/de\/wp-json\/wp\/v2\/tags?post=1255595"}],"curies":[{"name":"wp","href":"https:\/\/api.w.org\/{rel}","templated":true}]}}