{"id":1255673,"date":"2026-08-23T15:34:22","date_gmt":"2026-08-23T15:34:22","guid":{"rendered":"https:\/\/www.europesays.com\/de\/1255673\/"},"modified":"2026-08-23T15:34:22","modified_gmt":"2026-08-23T15:34:22","slug":"fahrrad-unfall-in-frankfurt-eskaliert-autofahrer-faehrt-mann-absichtlich-an","status":"publish","type":"post","link":"https:\/\/www.europesays.com\/de\/1255673\/","title":{"rendered":"Fahrrad-Unfall in Frankfurt eskaliert: Autofahrer f\u00e4hrt Mann absichtlich an"},"content":{"rendered":"<p>Mit Absicht angefahren? <\/p>\n<p>Streit nach Fahrradunfall eskaliert \u2013 Mann z\u00fcckt Stange<\/p>\n<p>23.08.2026 &#8211; 16:00 UhrLesedauer: 1 Min.<\/p>\n<p><a href=\"#focus-0\" class=\"transition-colors block text-current relative\" data-sctrack=\"FocusGalleryImage.Reference\"><img fetchpriority=\"high\" data-testid=\"Opener.Image\"   loading=\"eager\" src=\"https:\/\/www.europesays.com\/de\/wp-content\/uploads\/2026\/08\/vku-pkw-gegen-fahrrad-25-062025-chemnitz-unfall-am-mittwoch-ereignete-sich-gegen-15-00-uhr-in-chemni.jpeg\" alt=\"imago images 0823220973\" title=\"imago images 0823220973\" width=\"2985\" height=\"1679\" class=\"bg-[url:var(--lqipURL)] bg-cover bg-center flex h-full w-full max-w-full\" style=\"--lqipURL:url('https:\/\/images.t-online.de\/2025\/07\/hERD1V-1wGe5\/381x1166:2985x1679\/fit-in\/150x0\/filters:blur(25)\/vku-pkw-gegen-fahrrad-25-062025-chemnitz-unfall-am-mittwoch-ereignete-sich-gegen-15-00-uhr-in-chemnitz-schlossstrasse-hartmannstrasse-ein-verkehrsunfall-ein-pkw-ford-befuhr-die-schlosstrasse-in-richtung-hartmannsztasse-dabei-uebersah-er-eine-die-hartmannstrasse-querende-fahrrad-fahrerin-es-kam-zur-kollision-wobei-die-radfahrerin-schwer-verletzt-wurde-chemnitz-sachsen-deutschland-car-vs-bicycle-accident-25-06-2025-chemnitz-accident-a-ford-car-was-driving-along-schlossstrasse-hartmannstrasse-in-the.jpg')\" decoding=\"async\"\/><img loading=\"lazy\" src=\"https:\/\/frankfurt.t-online.de\/s\/paper\/_next\/static\/media\/zoom-in.f7dae02f.svg\" alt=\"Vergr\u00f6\u00dfern des Bildes\" title=\"Vergr\u00f6\u00dfern des Bildes\" class=\"block h-[calc(var(--height)_\/_16_*_1rem)] w-[calc(var(--width)_\/_16_*_1rem)] max-w-none absolute right-8 bottom-8 rounded-4 bg-snow p-8\" style=\"--width:32;--height:32\" decoding=\"async\"\/><\/a><\/p>\n<p>Ein Fahrradunfall (Symbolbild): In Frankfurt ist es nach einem Zusammensto\u00df zu einer heftigen Auseinandersetzung gekommen. (Quelle: IMAGO\/imago)<\/p>\n<p><img loading=\"lazy\" src=\"https:\/\/frankfurt.t-online.de\/s\/paper\/_next\/static\/media\/audio-volume.6689034c.svg\" alt=\"\" title=\"\" class=\"block h-[calc(var(--height)_\/_16_*_1rem)] w-[calc(var(--width)_\/_16_*_1rem)] max-w-none group-hover:brightness-0 group-hover:invert\" style=\"--width:16;--height:16\" decoding=\"async\"\/>Vorlesen<\/p>\n<p>Aktuelle Zeit:0:00Gesamtdauer:0:00<\/p>\n<p>1x<img loading=\"lazy\" src=\"https:\/\/frankfurt.t-online.de\/s\/paper\/_next\/static\/media\/font-sizes.32942e33.svg\" alt=\"\" title=\"\" class=\"block h-[calc(var(--height)_\/_16_*_1rem)] w-[calc(var(--width)_\/_16_*_1rem)] max-w-none group-hover:hidden group-aria-expanded:hidden\" style=\"--width:16;--height:16\" decoding=\"async\"\/><img loading=\"lazy\" src=\"https:\/\/frankfurt.t-online.de\/s\/paper\/_next\/static\/media\/font-sizes-dark-mode.e382645c.svg\" alt=\"\" title=\"\" class=\"block h-[calc(var(--height)_\/_16_*_1rem)] w-[calc(var(--width)_\/_16_*_1rem)] max-w-none hidden group-hover:block group-aria-expanded:block\" style=\"--width:16;--height:16\" decoding=\"async\"\/><img loading=\"lazy\" src=\"https:\/\/frankfurt.t-online.de\/s\/paper\/_next\/static\/media\/sharing-menu-icon.1eb71368.svg\" alt=\"\" title=\"\" class=\"block h-[calc(var(--height)_\/_16_*_1rem)] w-[calc(var(--width)_\/_16_*_1rem)] max-w-none group-hover:brightness-0 group-hover:invert\" style=\"--width:16;--height:16\" decoding=\"async\"\/>Artikel teilen<\/p>\n<p class=\"font-bold text-18 leading-17 user-text-lg:text-22 user-text-xl:text-24\">Ein Zusammensto\u00df zwischen einem Radfahrer und einem Autofahrer in Frankfurt verl\u00e4uft zun\u00e4chst glimpflich. Doch danach geraten die beiden M\u00e4nner derart aneinander, dass die Polizei einschreiten muss.<\/p>\n<p class=\"text-18 leading-17 user-text-lg:text-22 user-text-xl:text-24\">Nach einem Verkehrsunfall in der Frankfurter Innenstadt ist am Samstag eine Auseinandersetzung zwischen den Beteiligten eskaliert. Der Vorfall ereignete sich nach Angaben der Polizei gegen 17.10 Uhr auf der Hochstra\u00dfe.<\/p>\n<p class=\"text-18 leading-17 user-text-lg:text-22 user-text-xl:text-24\">Ein 38 Jahre alter Fahrradfahrer wollte demnach nach rechts in die B\u00f6rsenstra\u00dfe abbiegen. Ein 59-j\u00e4hriger Autofahrer soll ihn dabei \u00fcbersehen haben. Die beiden stie\u00dfen zusammen.<\/p>\n<p>Autofahrer soll mit Absicht gegen Fahrrad gefahren sein<\/p>\n<p class=\"text-18 leading-17 user-text-lg:text-22 user-text-xl:text-24\">Zun\u00e4chst wurde bei dem Unfall niemand verletzt. Ruhig blieb es danach allerdings nicht: Zwischen den beiden Beteiligten entwickelte sich laut Polizei ein hitziges Wortgefecht.<\/p>\n<p class=\"text-18 leading-17 user-text-lg:text-22 user-text-xl:text-24\">Im Verlauf des Streits soll der Autofahrer noch einmal beschleunigt haben und erneut gegen das Fahrrad gefahren sein. Dabei verletzte sich der 38-J\u00e4hrige nach Polizeiangaben leicht am Bein. Damit war die Auseinandersetzung aber noch immer nicht beendet.<\/p>\n<p>Polizei muss einschreiten<\/p>\n<p class=\"text-18 leading-17 user-text-lg:text-22 user-text-xl:text-24\">Der 59-J\u00e4hrige soll aus seinem Auto ausgestiegen sein und anschlie\u00dfend eine Plastikstange geholt haben. Damit habe er den Radfahrer bedroht, berichtet die Polizei. Einsatzkr\u00e4fte konnten die Situation schlie\u00dflich schlichten. Sie nahmen den Verkehrsunfall auf und stellten zudem eine Strafanzeige wegen des Verdachts der gef\u00e4hrlichen K\u00f6rperverletzung und der N\u00f6tigung.<\/p>\n","protected":false},"excerpt":{"rendered":"Mit Absicht angefahren? Streit nach Fahrradunfall eskaliert \u2013 Mann z\u00fcckt Stange 23.08.2026 &#8211; 16:00 UhrLesedauer: 1 Min. Ein&hellip;\n","protected":false},"author":2,"featured_media":1255674,"comment_status":"","ping_status":"","sticky":false,"template":"","format":"standard","meta":{"footnotes":"","_share_on_mastodon":"0"},"categories":[1829],"tags":[722,17161,513,29,1234,32811,2050,2051,30,2052,121,1284,9426],"class_list":["post-1255673","post","type-post","status-publish","format-standard","has-post-thumbnail","category-frankfurt-am-main","tag-722","tag-17161","tag-auto","tag-deutschland","tag-fahrrad","tag-fahrradunfall","tag-frankfurt","tag-frankfurt-am-main","tag-germany","tag-hessen","tag-polizei","tag-unfall","tag-zusammenstoss"],"share_on_mastodon":{"url":"https:\/\/pubeurope.com\/@de\/117145561509295156","error":""},"_links":{"self":[{"href":"https:\/\/www.europesays.com\/de\/wp-json\/wp\/v2\/posts\/1255673","targetHints":{"allow":["GET"]}}],"collection":[{"href":"https:\/\/www.europesays.com\/de\/wp-json\/wp\/v2\/posts"}],"about":[{"href":"https:\/\/www.europesays.com\/de\/wp-json\/wp\/v2\/types\/post"}],"author":[{"embeddable":true,"href":"https:\/\/www.europesays.com\/de\/wp-json\/wp\/v2\/users\/2"}],"replies":[{"embeddable":true,"href":"https:\/\/www.europesays.com\/de\/wp-json\/wp\/v2\/comments?post=1255673"}],"version-history":[{"count":0,"href":"https:\/\/www.europesays.com\/de\/wp-json\/wp\/v2\/posts\/1255673\/revisions"}],"wp:featuredmedia":[{"embeddable":true,"href":"https:\/\/www.europesays.com\/de\/wp-json\/wp\/v2\/media\/1255674"}],"wp:attachment":[{"href":"https:\/\/www.europesays.com\/de\/wp-json\/wp\/v2\/media?parent=1255673"}],"wp:term":[{"taxonomy":"category","embeddable":true,"href":"https:\/\/www.europesays.com\/de\/wp-json\/wp\/v2\/categories?post=1255673"},{"taxonomy":"post_tag","embeddable":true,"href":"https:\/\/www.europesays.com\/de\/wp-json\/wp\/v2\/tags?post=1255673"}],"curies":[{"name":"wp","href":"https:\/\/api.w.org\/{rel}","templated":true}]}}