{"id":1255711,"date":"2026-08-23T15:56:16","date_gmt":"2026-08-23T15:56:16","guid":{"rendered":"https:\/\/www.europesays.com\/de\/1255711\/"},"modified":"2026-08-23T15:56:16","modified_gmt":"2026-08-23T15:56:16","slug":"unfall-von-verstappen-denkwuerdiges-formel-1-rennen-in-holland-sport","status":"publish","type":"post","link":"https:\/\/www.europesays.com\/de\/1255711\/","title":{"rendered":"Unfall von Verstappen: Denkw\u00fcrdiges Formel-1-Rennen in Holland | Sport"},"content":{"rendered":"<p><a class=\"skip-content skip-content--link\" href=\"#in-content-skip-link-target-v-0-0\">TTS-Player \u00fcberspringen\u21b5<\/a><a id=\"in-content-skip-link-target-v-0-0\" class=\"skip-content--target-link-hidden skip-content skip-content--target-link\" href=\"#in-content-skip-link-target-v-0-0\">Artikel weiterlesen<\/a><\/p>\n<p data-21134c99=\"0-5495\"><b>Weltmeister Lando Norris (26) gewinnt den Gro\u00dfen Preis der Niederlande in Zandvoort. Es ist der zweite Sieg in Folge f\u00fcr den McLaren-Piloten. Zweiter wird der WM-F\u00fchrende Kimi Antonelli (19) vor seinem Mercedes-Kollegen George Russell (28). <\/b><\/p>\n<p data-21134c99=\"0-5495\">Es ist das letzte Rennen in den D\u00fcnen an der Nordsee, ab 2027 f\u00e4hrt die <a href=\"https:\/\/www.bild.de\/sport\/motorsport\/motorsport\/home-17620118.bild.html\" class=\"text-link\" rel=\"nofollow noopener\" target=\"_blank\">Formel 1<\/a> hier nicht mehr. Und ausgerechnet Lokalheld Max Verstappen (28) \u00fcberschattet mit seinem Crash den Abschied aus Holland. Schon in der ersten Runde kommt er in einer Kurve zu weit nach rechts, f\u00e4hrt \u00fcber den Randstein und verliert die Kontrolle \u00fcber das Auto. Ein Fahrfehler! Verstappen schie\u00dft einmal quer \u00fcber den Asphalt und knallt in die Mauer. Tr\u00fcmmerteile schie\u00dfen \u00fcber den Asphalt.<\/p>\n<p data-21134c99=\"0-5495\">Die Zuschauer sind schockiert. Dann aber die Erleichterung. Verstappen funkt an die Box: \u201eIch bin ok!\u201c Liam Lawson und Pierre Gasly, die an dieser Stelle rund 200 km\/h drauf haben, k\u00f6nnen einen Zusammenprall mit Verstappen gerade noch verhindern. <\/p>\n<p data-21134c99=\"0-5495\">Vor dem Start hatte der Holl\u00e4nder den Oranje-Fans noch zugerufen: \u201eLasst uns das letzte Rennen hier zu einem unvergesslichen Erlebnis machen.\u201c<\/p>\n<p> An dieser Stelle findest du Inhalte aus Twitter <\/p>\n<p> Um mit Inhalten aus Twitter und anderen sozialen Netzwerken zu interagieren oder diese darzustellen, brauchen wir deine Zustimmung. <\/p>\n<p> soziale Netzwerke aktivieren <\/p>\n<p data-21134c99=\"0-5495\">Das ist ihm gelungen. Aber anders als gedacht. Kurz nach seinem Unfall funkt er nochmal an seine Box: \u201eDas war&#8217;s dann wohl. Verdammt! Es tut mir leid.\u201c<\/p>\n<p data-21134c99=\"0-5495\">Sofort nach seinem Crash muss er ins Medical Center, sich von den \u00c4rzten untersuchen lassen. Teamchef Laurent Mekies (49) eilt zu seinem Star. <\/p>\n<p data-21134c99=\"0-5495\">Verstappen nach dem Rennen bei Sky: \u201eIn der letzten Kurve war es noch ein bisschen nass. Aber ich dachte, dass ich eine trockene Linie habe. Dann hatte ich pl\u00f6tzlich keinen Grip mehr. Es war ein heftiger Einschlag, aber es ist alles ok. Es ist nat\u00fcrlich schade, dass mir das hier passiert. Wobei ich vom gesamten Wochenende entt\u00e4uscht bin. Wir waren einfach zu langsam hier.\u201c <\/p>\n<p>Was ist sonst beim Rennen in Zandvoort passiert?<\/p>\n<p data-21134c99=\"0-5495\">\u25ba Das Wetter ist vor dem Start das gro\u00dfe Thema bei den Teams. Regnet es w\u00e4hrend des Rennens oder nicht? Mekies sagt: \u201eEs ist schwierig zu sagen. Wir konnten der Wettervorhersage schon das ganze Wochenende nicht vertrauen.\u201c Spannend macht es sein Mercedes-Kollege Toto Wolff (54). Der steht um 14.47 Uhr bei Sky beim Interview und sagt: \u201eWir haben noch nicht entschieden, mit welchen Reifen wir starten. Ich gehe jetzt zu den Autos und entscheide.\u201c 13 Minuten sp\u00e4ter stehen seine Autos mit Medium-Reifen am Start.<\/p>\n<p data-21134c99=\"0-5495\">\u25ba Schon kurz vor dem Verstappen-Crash hat Gabriel Bortoleto (21) Probleme an derselben Stelle. Er dreht sich im Audi einmal um 360 Grad \u2013 und hat dabei Riesen-Gl\u00fcck. Denn hinter ihm kommt Nico H\u00fclkenberg (39) angerast. Und kann einen High-Speed-Crash gerade so verhindern.<\/p>\n<p data-21134c99=\"0-5495\">\u25ba Arvid Lindblad (19\/Racing Bulls) und Franco Colapinto (23\/Alpine) \u00fcberholen kurz nach dem Unfall von Verstappen (Gelbe Flagge), erhalten daf\u00fcr eine Durchfahrtsstrafe. <\/p>\n<p data-21134c99=\"0-5495\">\u25ba Vor dem Neustart muss Oliver Bearman (21) seinen Haas mit Motorproblemen abstellen. <\/p>\n<p data-21134c99=\"0-5495\">\u25ba Vorher hatte der Brite bei der Boxenausfahrt die rote Ampel missachtet. Dar\u00fcber wollen die Rennkommissare nach dem Rennen urteilen. Genau wie bei Bortoleto, der das gleiche Vergehen begangen hat. Ger\u00fcchte an der Strecke besagen, dass der Rot-Knopf versehentlich gedr\u00fcckt wurde.<\/p>\n<p data-21134c99=\"0-5495\">\u25ba Den Neustart nutzt Antonelli im Mercedes, zieht an Norris vorbei.<\/p>\n<p data-21134c99=\"0-5495\">\u25ba Ab Runde 40 liefern sich die Ferrari-Piloten Charles Leclerc (28) und Lewis Hamilton (41) ein Duell um Platz\u00a02. Der Brite funkt: \u201eIch bin schneller als Charles, meine Reifen sind besser.\u201c Das Team ruft Leclerc zum Reifenwechsel, aber der sperrt sich. F\u00e4hrt weiter vor Hamilton. Der Siebenfach-Weltmeister schreit: \u201eWir verlieren hier nur Zeit.\u201c<\/p>\n<p data-21134c99=\"0-5495\">In Runde 44 f\u00e4hrt Leclerc in die Box. Hamilton kommentiert sarkastisch: \u201eToll, wie wir hier Zeit verlieren. Gut gemacht, Jungs!\u201c <\/p>\n<p data-21134c99=\"0-5495\">Leclerc nach dem Rennen: \u201eDas sind normale Diskussionen w\u00e4hrend eines Rennens. Aber ich hatte einfach nicht das Gef\u00fchl, dass es die richtige Runde war, um reinzukommen.\u201c <\/p>\n<p data-21134c99=\"0-5495\">\u25ba In Runde 54 greift sich Lando Norris erst Kimi Antonelli und dann Hamilton, \u00fcbernimmt die F\u00fchrung.<\/p>\n<p data-21134c99=\"0-5495\">\u25ba Gelbe Flagge in Runde 55! Esteban Ocon (29) stellt seinen Haas am Streckenrand ab.<\/p>\n<p data-21134c99=\"0-5495\">\u25ba In Runde 55 p\u00f6belt Hamilton: \u201eBenutzt Ihr mich hier als Versuchskaninchen oder was zur H\u00f6lle ist hier los? Wie lange muss ich drau\u00dfen bleiben?\u201c Kurz darauf f\u00e4hrt er, unter dem Virtuellen Safety Car, zum Reifenwechsel in die Box. <\/p>\n<p data-21134c99=\"0-5495\">\u25ba George Russell (28) l\u00e4sst in Runde 64 seinen Mercedes-Kollegen Kimi Antonelli (19) vorbei auf Platz 2. <\/p>\n<p data-21134c99=\"0-5495\">\u25ba Runde 70: Die Williams von Albon und Sainz ber\u00fchren sich, Albon scheidet aus und kriegt noch eine Zehn-Sekunden-Strafe. Kurze Gelbe Flagge! <\/p>\n<p data-21134c99=\"0-5495\">\u25ba H\u00fclkenberg f\u00e4hrt sein bestes Saison-Ergebnis ein, landet auf Platz 8! <\/p>\n<p>RENNERGEBNIS ZANDVOORT<\/p>\n<tr>Platzierungfahrer\/Team<\/tr>\n<tr>\n<td>1.<\/td>\n<td>Lando Norris (McLaren)<\/td>\n<\/tr>\n<tr>\n<td>2.<\/td>\n<td>Kimi Antonelli (Mercedes)<\/td>\n<\/tr>\n<tr>\n<td>3.<\/td>\n<td>George Russell (Mercedes)<\/td>\n<\/tr>\n<tr>\n<td>4.<\/td>\n<td>Lewis Hamilton (Ferrari)<\/td>\n<\/tr>\n<tr>\n<td>5.<\/td>\n<td>Charles Leclerc (Ferrari)<\/td>\n<\/tr>\n<tr>\n<td>6.<\/td>\n<td>Oscar Piastri (McLaren)<\/td>\n<\/tr>\n<tr>\n<td>7.<\/td>\n<td>Liam Lawson (Red Bull)<\/td>\n<\/tr>\n<tr>\n<td>8.<\/td>\n<td>Nico H\u00fclkenberg (Audi)<\/td>\n<\/tr>\n<tr>\n<td>9.<\/td>\n<td>Fernando Alonso (Aston Martin)<\/td>\n<\/tr>\n<tr>\n<td>10.<\/td>\n<td>Pierre Gasly (Alpine)<\/td>\n<\/tr>\n<tr>\n<td>11.<\/td>\n<td>Yuki Tsunoda (Racing Bulls)<\/td>\n<\/tr>\n<tr>\n<td>12.<\/td>\n<td>Arvid Lindblad (Racing Bulls)<\/td>\n<\/tr>\n<tr>\n<td>13.<\/td>\n<td>Gabriel Bortoleto (Audi)<\/td>\n<\/tr>\n<tr>\n<td>14.<\/td>\n<td>Franco Colapinto (Alpine)<\/td>\n<\/tr>\n<tr>\n<td>15.<\/td>\n<td>Sergio P\u00e9rez (Cadillac)<\/td>\n<\/tr>\n<tr>\n<td>16.<\/td>\n<td>Carlos Sainz (Williams)<\/td>\n<\/tr>\n<tr>\n<td>17.<\/td>\n<td>Alexander Albon (Williams) \u2013\u00a0DNF<\/td>\n<\/tr>\n<tr>\n<td>18.<\/td>\n<td>Valtteri Bottas (Cadillac) \u2013 DNF<\/td>\n<\/tr>\n<tr>\n<td>19.<\/td>\n<td>Esteban Ocon (Haas) \u2013 DNF<\/td>\n<\/tr>\n<tr>\n<td>20.<\/td>\n<td>Lance Stroll (Aston Martin) \u2013\u00a0DNF<\/td>\n<\/tr>\n<tr>\n<td>21.<\/td>\n<td>Oliver Bearman (Haas) \u2013\u00a0DNF<\/td>\n<\/tr>\n<tr>\n<td>22.<\/td>\n<td>Max Verstappen (Red Bull) \u2013 DNF <\/td>\n<\/tr>\n","protected":false},"excerpt":{"rendered":"TTS-Player \u00fcberspringen\u21b5Artikel weiterlesen Weltmeister Lando Norris (26) gewinnt den Gro\u00dfen Preis der Niederlande in Zandvoort. Es ist der&hellip;\n","protected":false},"author":2,"featured_media":1255712,"comment_status":"","ping_status":"","sticky":false,"template":"","format":"standard","meta":{"footnotes":"","_share_on_mastodon":"0"},"categories":[136],"tags":[145842,29,1574,1572,30,17776,127622,1573,265,1571],"class_list":["post-1255711","post","type-post","status-publish","format-standard","has-post-thumbnail","category-sport","tag-antonelli-kimi","tag-deutschland","tag-ferrari","tag-formel-1","tag-germany","tag-hamilton-lewis","tag-norris-lando","tag-red-bull-racing","tag-sport","tag-verstappen-max"],"share_on_mastodon":{"url":"https:\/\/pubeurope.com\/@de\/117145644839944810","error":""},"_links":{"self":[{"href":"https:\/\/www.europesays.com\/de\/wp-json\/wp\/v2\/posts\/1255711","targetHints":{"allow":["GET"]}}],"collection":[{"href":"https:\/\/www.europesays.com\/de\/wp-json\/wp\/v2\/posts"}],"about":[{"href":"https:\/\/www.europesays.com\/de\/wp-json\/wp\/v2\/types\/post"}],"author":[{"embeddable":true,"href":"https:\/\/www.europesays.com\/de\/wp-json\/wp\/v2\/users\/2"}],"replies":[{"embeddable":true,"href":"https:\/\/www.europesays.com\/de\/wp-json\/wp\/v2\/comments?post=1255711"}],"version-history":[{"count":0,"href":"https:\/\/www.europesays.com\/de\/wp-json\/wp\/v2\/posts\/1255711\/revisions"}],"wp:featuredmedia":[{"embeddable":true,"href":"https:\/\/www.europesays.com\/de\/wp-json\/wp\/v2\/media\/1255712"}],"wp:attachment":[{"href":"https:\/\/www.europesays.com\/de\/wp-json\/wp\/v2\/media?parent=1255711"}],"wp:term":[{"taxonomy":"category","embeddable":true,"href":"https:\/\/www.europesays.com\/de\/wp-json\/wp\/v2\/categories?post=1255711"},{"taxonomy":"post_tag","embeddable":true,"href":"https:\/\/www.europesays.com\/de\/wp-json\/wp\/v2\/tags?post=1255711"}],"curies":[{"name":"wp","href":"https:\/\/api.w.org\/{rel}","templated":true}]}}