{"id":1255724,"date":"2026-08-23T16:03:17","date_gmt":"2026-08-23T16:03:17","guid":{"rendered":"https:\/\/www.europesays.com\/de\/1255724\/"},"modified":"2026-08-23T16:03:17","modified_gmt":"2026-08-23T16:03:17","slug":"warnung-schalke-fans-sollen-ihre-farben-in-halle-verstecken","status":"publish","type":"post","link":"https:\/\/www.europesays.com\/de\/1255724\/","title":{"rendered":"Warnung: Schalke-Fans sollen ihre Farben in Halle verstecken"},"content":{"rendered":"<p>\t\tSchalke-Fans sollen ihre Farben in Halle verstecken<br \/>\n\t\t\t\t\tVerein warnt vor Pokalspiel eindringlich<\/p>\n<p>\t\t<img alt=\"\" src=\"https:\/\/www.europesays.com\/de\/wp-content\/uploads\/2026\/08\/630_0036_749682_.jpg\"  class=\"avatar avatar-36 photo avatar-default\" height=\"36\" width=\"36\" loading=\"eager\" decoding=\"async\"\/>\t\t<a class=\"article-author__name\" href=\"https:\/\/www.recklinghaeuser-zeitung.de\/author\/frank-leszinski\/\" rel=\"author nofollow noopener\" target=\"_blank\">Frank Leszinski<\/a><br \/>\n\t\tfreier Mitarbeiter<\/p>\n<p>    <a href=\"https:\/\/www.recklinghaeuser-zeitung.de\/wp-content\/uploads\/2026\/08\/23\/15\/630_0900_6724651_-1648x824.jpg\" rel=\"nofollow noopener\" target=\"_blank\"><\/p>\n<p>            <img loading=\"lazy\" decoding=\"async\" src=\"https:\/\/www.europesays.com\/de\/wp-content\/uploads\/2026\/08\/630_0900_6724648_-640x428.jpg\" width=\"640\" height=\"428\"  alt=\"Schalke-Fans auf der Nordkurve schwenken ihre Schals.\"\/><\/p>\n<p>    <\/a><br \/>\n    Schalke-Fans auf der Nordkurve schwenken ihre Schals. \u00a9 Dennis Ewert\/RHR-FOTO<\/p>\n<p class=\"article__teaser-text\">Hallescher FC gegen Schalke 04 im DFB-Pokal. Das Stadion wird rot, S04-Fans sollen unauff\u00e4llig bleiben. Abseits des Rasens wird zur Vorsicht gemahnt.<\/p>\n<p>3 Min Lesezeit<\/p>\n<p>Rassistischer Vorfall in der VorsaisonJunior Adamu von den Neuzug\u00e4ngen am n\u00e4chsten am StartplatzHalle-Trainer Robert Schr\u00f6der: \u201eWir brauchen eine geh\u00f6rige Portion Mu\u201c<\/p>\n","protected":false},"excerpt":{"rendered":"Schalke-Fans sollen ihre Farben in Halle verstecken Verein warnt vor Pokalspiel eindringlich Frank Leszinski freier Mitarbeiter Schalke-Fans auf&hellip;\n","protected":false},"author":2,"featured_media":1255725,"comment_status":"","ping_status":"","sticky":false,"template":"","format":"standard","meta":{"footnotes":"","_share_on_mastodon":"0"},"categories":[1860],"tags":[3364,29,548,663,3934,30,4062,17332,13,14,15,17331,860,23396,16870,12],"class_list":["post-1255724","post","type-post","status-publish","format-standard","has-post-thumbnail","category-halle-saale","tag-de","tag-deutschland","tag-eu","tag-europa","tag-europe","tag-germany","tag-halle","tag-halle-saale","tag-headlines","tag-nachrichten","tag-news","tag-saale","tag-sachsen-anhalt","tag-schalke","tag-schalke-04","tag-schlagzeilen"],"share_on_mastodon":{"url":"https:\/\/pubeurope.com\/@de\/117145672750503676","error":""},"_links":{"self":[{"href":"https:\/\/www.europesays.com\/de\/wp-json\/wp\/v2\/posts\/1255724","targetHints":{"allow":["GET"]}}],"collection":[{"href":"https:\/\/www.europesays.com\/de\/wp-json\/wp\/v2\/posts"}],"about":[{"href":"https:\/\/www.europesays.com\/de\/wp-json\/wp\/v2\/types\/post"}],"author":[{"embeddable":true,"href":"https:\/\/www.europesays.com\/de\/wp-json\/wp\/v2\/users\/2"}],"replies":[{"embeddable":true,"href":"https:\/\/www.europesays.com\/de\/wp-json\/wp\/v2\/comments?post=1255724"}],"version-history":[{"count":0,"href":"https:\/\/www.europesays.com\/de\/wp-json\/wp\/v2\/posts\/1255724\/revisions"}],"wp:featuredmedia":[{"embeddable":true,"href":"https:\/\/www.europesays.com\/de\/wp-json\/wp\/v2\/media\/1255725"}],"wp:attachment":[{"href":"https:\/\/www.europesays.com\/de\/wp-json\/wp\/v2\/media?parent=1255724"}],"wp:term":[{"taxonomy":"category","embeddable":true,"href":"https:\/\/www.europesays.com\/de\/wp-json\/wp\/v2\/categories?post=1255724"},{"taxonomy":"post_tag","embeddable":true,"href":"https:\/\/www.europesays.com\/de\/wp-json\/wp\/v2\/tags?post=1255724"}],"curies":[{"name":"wp","href":"https:\/\/api.w.org\/{rel}","templated":true}]}}