{"id":125581,"date":"2025-05-20T13:52:14","date_gmt":"2025-05-20T13:52:14","guid":{"rendered":"https:\/\/www.europesays.com\/de\/125581\/"},"modified":"2025-05-20T13:52:14","modified_gmt":"2025-05-20T13:52:14","slug":"solarmodule-aus-kellerabteil-von-rohbau-gestohlen-wohnung-von-einbrechern-heimgesucht-einbruch-in-autowerkstatt-bronzestatur-von-friedhof-gestohlen","status":"publish","type":"post","link":"https:\/\/www.europesays.com\/de\/125581\/","title":{"rendered":"Solarmodule aus Kellerabteil von Rohbau gestohlen +++ Wohnung von Einbrechern heimgesucht +++ Einbruch in Autowerkstatt +++ Bronzestatur von Friedhof gestohlen"},"content":{"rendered":"<p>(ots) Wiesbaden 20.05.2025<\/p>\n<p>Solarmodule aus Kellerabteil von Rohbau gestohlen,<\/p>\n<p>Am Montagabend haben zwei Diebe aus einem Rohbau in der Klosterstra\u00dfe in Niederselters zwei Solarmodule gestohlen. Das Duo betrat gegen 18.10 Uhr das Kellerabteil des Rohbaus und schnappte sich das Diebesgut. Hierbei wurden die beiden auf frischer Tat von dem Gesch\u00e4digten ertappt, woraufhin sie mit ihrer Beute die Flucht ergriffen und mit einem hellen kleinen Van davonfuhren. Die zwei T\u00e4ter wurden als ca. 20-30 Jahre alt, schlank und etwa 1,75-1,80 Meter gro\u00df beschrieben. Einer soll schwarze kurze Haare und der Komplize dunkelblonde Haare gehabt haben.  Hinweise nimmt die Limburger Kriminalpolizei unter der Telefonnummer (06431) 9140-0 entgegen.<\/p>\n<p>Wohnung von Einbrechern heimgesucht,<\/p>\n<p>Bad Camberg, Max-Planck-Stra\u00dfe,  \t27.04.2025, 11.00 Uhr bis 11.05.2025, 14.00 Uhr<\/p>\n<p>Innerhalb der vergangenen zwei Wochen wurde in einem Mehrfamilienhaus in der Max-Planck-Stra\u00dfe in Bad Camberg eine Wohnung von Einbrechern heimgesucht. Die T\u00e4ter drangen in die R\u00e4umlichkeiten ein und lie\u00dfen unter anderem Schmuckst\u00fccke und Bargeld mitgehen. Hinweise nimmt die Limburger Kriminalpolizei unter der Telefonnummer (06431) 9140-0 entgegen.<\/p>\n<p>Einbruch in Autowerkstatt,<\/p>\n<p>Runkel, Ennerich, Limburger Stra\u00dfe,  \t17.05.2025, 18.00 Uhr bis 18.05.2025, 13.00 Uhr,<\/p>\n<p>In Runkel-Ennerich brachen unbekannte T\u00e4ter zwischen Samstagabend und Sonntagmittag in eine Autowerkstatt in der Limburger Stra\u00dfe ein. Die Einbrecher zerst\u00f6rten ein Fenster und lie\u00dfen anschlie\u00dfend aus der Werkstatt einen Werkzeugkasten mitgehen. Hinweise nimmt die Limburger Kriminalpolizei unter der Telefonnummer (06431) 9140-0 entgegen.<\/p>\n<p>Bronzestatur von Friedhof gestohlen,<\/p>\n<p>Merenberg,  \t16.05.2025, 15.00 Uhr bis 19.05.2025, 19.30 Uhr<\/p>\n<p>Zwischen Freitagmittag und Montagabend waren auf dem Friedhof in Merenberg Diebe zugange. Die unbekannten T\u00e4ter betraten das Friedhofsgel\u00e4nde und entwendeten von einem Grabstein eine Bronzestatur. Die Polizei in Weilburg nimmt Hinweise unter der Telefonnummer (06471) 9386-0 entgegen.<\/p>\n<p>R\u00fcckfragen bitte an:<\/p>\n<p>Polizeipr\u00e4sidium Westhessen \u2013 Wiesbaden<br \/>Konrad-Adenauer-Ring 51<br \/>65187 Wiesbaden<br \/>Telefon: (0611) 345-1042 \/ 1041 \/ 1043<br \/>E-Mail:  <a href=\"https:\/\/wiesbaden-lebt.de\/mailto:pressestelle.ppwh@polizei.hessen.de\" rel=\"nofollow noopener\" target=\"_blank\">pressestelle.ppwh@polizei.hessen.de<\/a><\/p>\n<p>Die Meldung ist 1:1 vom Polizeipr\u00e4sidium Westhessen \u00fcbernommen. Eventuell erw\u00e4hnte Anh\u00e4nge werden nicht \u00fcbernommen, k\u00f6nnen aber auf der Seite des Polizeipr\u00e4sidiums Westhessen eingesehen werden       <a href=\"https:\/\/www.presseportal.de\/blaulicht\/pm\/43562\/6038374\" target=\"_blank\" rel=\"noopener nofollow\">Original-Meldung<\/a>.<\/p>\n<p><a href=\"https:\/\/wiesbaden-lebt.de\/category\/pp-wiesbaden-news\" target=\"_blank\" rel=\"noopener nofollow\">Mehr Blaulicht-Meldungen<\/a> finden Sie hier.<\/p>\n","protected":false},"excerpt":{"rendered":"(ots) Wiesbaden 20.05.2025 Solarmodule aus Kellerabteil von Rohbau gestohlen, Am Montagabend haben zwei Diebe aus einem Rohbau in&hellip;\n","protected":false},"author":2,"featured_media":31909,"comment_status":"","ping_status":"","sticky":false,"template":"","format":"standard","meta":{"footnotes":""},"categories":[1847],"tags":[1950,3364,29,548,663,3934,30,13,2052,14,15,121,2331,12,4544],"class_list":{"0":"post-125581","1":"post","2":"type-post","3":"status-publish","4":"format-standard","5":"has-post-thumbnail","7":"category-wiesbaden","8":"tag-blaulicht","9":"tag-de","10":"tag-deutschland","11":"tag-eu","12":"tag-europa","13":"tag-europe","14":"tag-germany","15":"tag-headlines","16":"tag-hessen","17":"tag-nachrichten","18":"tag-news","19":"tag-polizei","20":"tag-polizeimeldung","21":"tag-schlagzeilen","22":"tag-wiesbaden"},"share_on_mastodon":{"url":"https:\/\/pubeurope.com\/@de\/114540494511265630","error":""},"_links":{"self":[{"href":"https:\/\/www.europesays.com\/de\/wp-json\/wp\/v2\/posts\/125581","targetHints":{"allow":["GET"]}}],"collection":[{"href":"https:\/\/www.europesays.com\/de\/wp-json\/wp\/v2\/posts"}],"about":[{"href":"https:\/\/www.europesays.com\/de\/wp-json\/wp\/v2\/types\/post"}],"author":[{"embeddable":true,"href":"https:\/\/www.europesays.com\/de\/wp-json\/wp\/v2\/users\/2"}],"replies":[{"embeddable":true,"href":"https:\/\/www.europesays.com\/de\/wp-json\/wp\/v2\/comments?post=125581"}],"version-history":[{"count":0,"href":"https:\/\/www.europesays.com\/de\/wp-json\/wp\/v2\/posts\/125581\/revisions"}],"wp:featuredmedia":[{"embeddable":true,"href":"https:\/\/www.europesays.com\/de\/wp-json\/wp\/v2\/media\/31909"}],"wp:attachment":[{"href":"https:\/\/www.europesays.com\/de\/wp-json\/wp\/v2\/media?parent=125581"}],"wp:term":[{"taxonomy":"category","embeddable":true,"href":"https:\/\/www.europesays.com\/de\/wp-json\/wp\/v2\/categories?post=125581"},{"taxonomy":"post_tag","embeddable":true,"href":"https:\/\/www.europesays.com\/de\/wp-json\/wp\/v2\/tags?post=125581"}],"curies":[{"name":"wp","href":"https:\/\/api.w.org\/{rel}","templated":true}]}}