{"id":1255811,"date":"2026-08-23T17:08:21","date_gmt":"2026-08-23T17:08:21","guid":{"rendered":"https:\/\/www.europesays.com\/de\/1255811\/"},"modified":"2026-08-23T17:08:21","modified_gmt":"2026-08-23T17:08:21","slug":"rb-leipzig-startet-mit-pleite-gegen-bayer-leverkusen-in-die-saison","status":"publish","type":"post","link":"https:\/\/www.europesays.com\/de\/1255811\/","title":{"rendered":"RB Leipzig startet mit Pleite gegen Bayer Leverkusen in die Saison"},"content":{"rendered":"<p>        <img decoding=\"async\" src=\"https:\/\/www.europesays.com\/de\/wp-content\/uploads\/2026\/08\/rb-leipzig-3828.webp\" alt=\"RB Leipzig un bayer Leverkusen in Aktion\" title=\"RB Leipzig un bayer Leverkusen in Aktion | IMAGO \/ Picture Point LE\" class=\"responsive\"\/><\/p>\n<p>AUDIO: Leverkusen gibt sich bei Ausw\u00e4rtssieg in Leipzig keine Bl\u00f6\u00dfe (1 Min)<\/p>\n<p class=\"topline\">Fu\u00dfball | 1. Bundesliga (F)<\/p>\n<p>\n                Stand: 23.08.2026 18:48 Uhr<\/p>\n<p class=\"preface\">RB Leipzig ist mit einer Heimniederlage in die neue Saison der Frauen-Bundesliga gestartet. Die Mannschaft von Trainer Jonas Stephan verlor am 1. Spieltag im Stadion am Cottaweg gegen Bayer 04 Leverkusen mit 0:2 (0:0).<\/p>\n<p class=\"textauthor\">von Sport im Osten<\/p>\n<p class=\"\">Leipzig begann am Sonntag (23.08.) mutig und setzte die G\u00e4ste fr\u00fch unter Druck. Die erste M\u00f6glichkeit hatte Neuzugang Therese Simonsson in der 9. Minute, doch Leverkusens Torh\u00fcterin Borggr\u00e4fe war zur Stelle. In der 13. Minute hatten die Leipzigerinnen Gl\u00fcck, als ein abgef\u00e4lschter Schuss von Vanessa Fudalla an der Latte landete. RB blieb im Spiel und kam in der 40. Minute selbst der F\u00fchrung nahe: Simonsson zog aus spitzem Winkel ab, doch Rafaela Borggr\u00e4fe lenkte den Ball erneut an die Latte.<\/p>\n<p>    RB-Keeperin mit ungl\u00fccklichem Abwehrversuch<\/p>\n<p class=\"\">Nach der Pause \u00fcbernahm Leverkusen zunehmend die Kontrolle. Zun\u00e4chst hielt RB-Torh\u00fcterin Elvira Herzog noch sicher, doch in der 55. Minute war sie nach einer ungl\u00fccklichen Aktion geschlagen: Vanessa Fudalla setzte sich auf der rechten Seite durch und legte f\u00fcr Cornelia Kramer ab, die zum 1:0 f\u00fcr die G\u00e4ste ins linke Eck traf. Herzog sah bei ihrem Abwehrversuch nicht gut aus.<\/p>\n<p>                    <a href=\"https:\/\/www.europesays.com\/de\/wp-content\/uploads\/2026\/08\/rb-leipzig-3830.webp\" class=\"zoomimage\" title=\"Bild vergr\u00f6\u00dfern\"><\/p>\n<p>        <img decoding=\"async\" src=\"https:\/\/www.europesays.com\/de\/wp-content\/uploads\/2026\/08\/rb-leipzig-3830.webp\" alt=\"RB-Trainer Jonas Stephan\" title=\"RB-Cheftrainer Jonas Stephan war nicht zufrieden mit seinen Spielerinnen.  | IMAGO \/ Picture Point LE\" class=\"responsive\" loading=\"lazy\"\/><\/p>\n<p>                    <\/a><\/p>\n<p>                    RB-Cheftrainer Jonas Stephan war nicht zufrieden mit seinen Spielerinnen. <\/p>\n<p>    Leverkusen nutzt Leipzig-Patzer<\/p>\n<p class=\"\">Anstatt des Ausgleichs fiel in der 63. Minute die Entscheidung. Nach einem hohen, abgef\u00e4lschten Ball konnte Torh\u00fcterin Herzog das Leder wieder nicht festhalten. Maja Sternad nutzte dies, setzte entschlossen nach und dr\u00fcckte den Ball zum 2:0 \u00fcber die Linie. Besonders bitter: Leipzigs Delice Boboy musste wenig sp\u00e4ter nach einem Zweikampf angeschlagen ausgewechselt werden.<\/p>\n<p>    Nicht genug Offensiv-Power bei RB Leipzig<\/p>\n<p class=\"\">In der Schlussphase m\u00fchte sich RB um den Anschluss. Die eingewechselte Nik\u00e9e van Dijk sorgte f\u00fcr etwas Belebung, doch Leipzigs Abschl\u00fcsse wurden geblockt oder blieben zu ungenau. RB muss sich nach einem ordentlichen ersten Durchgang vorwerfen lassen, nach der Pause zu wenig Torgefahr entwickelt zu haben. Auch Torh\u00fcterin Elvira Herzog hatte gegen Leverkusen nicht ihren besten Tag.<\/p>\n<p>        <img decoding=\"async\" src=\"https:\/\/www.europesays.com\/de\/wp-content\/uploads\/2026\/08\/rb-leipzig-logo-102.webp\" alt=\"Logo RB Leipzig\" title=\"Logo RB Leipzig | MDR\/RasenBallsport Leipzig\" class=\"responsive\" loading=\"lazy\"\/><\/p>\n<p>Fu\u00dfball | Bundesliga<\/p>\n<p>Aktuelle Informationen, Spielberichte, Videos und Audios zum Frauenfussballteam von RB Leipzig.<\/p>\n<p>        <img decoding=\"async\" src=\"https:\/\/www.europesays.com\/de\/wp-content\/uploads\/2026\/08\/google-handy-100.webp\" alt=\"Ein Handy liegt auf einer Laptoptastatur. Das Display zeigt das Google Logo\" title=\"Ein Handy liegt auf einer Laptoptastatur. Das Display zeigt das Google Logo |  IMAGO \/ SOPA Images\" class=\"responsive\" loading=\"lazy\"\/><\/p>\n<p>Nachrichten personalisieren<\/p>\n<p>Die Nachrichtenlage ist un\u00fcbersichtlich und Sie wollen aktuelle Informationen aus Ihrer Region, die f\u00fcr Sie relevant sind? Dann legen Sie MDR.de als bevorzugte Quelle in der Google-Suche fest. So funktioniert&#8217;s.<\/p>\n","protected":false},"excerpt":{"rendered":"AUDIO: Leverkusen gibt sich bei Ausw\u00e4rtssieg in Leipzig keine Bl\u00f6\u00dfe (1 Min) Fu\u00dfball | 1. Bundesliga (F) Stand:&hellip;\n","protected":false},"author":2,"featured_media":1255812,"comment_status":"","ping_status":"","sticky":false,"template":"","format":"standard","meta":{"footnotes":"","_share_on_mastodon":"0"},"categories":[1832],"tags":[4808,5622,3364,29,3236,347,30,71,81,1655,859,265,3498],"class_list":["post-1255811","post","type-post","status-publish","format-standard","has-post-thumbnail","category-leipzig","tag-1-bundesliga","tag-bayer-leverkusen","tag-de","tag-deutschland","tag-frauen","tag-fussball","tag-germany","tag-leipzig","tag-mdr","tag-rb-leipzig","tag-sachsen","tag-sport","tag-sport-im-osten"],"share_on_mastodon":{"url":"https:\/\/pubeurope.com\/@de\/117145928357765083","error":""},"_links":{"self":[{"href":"https:\/\/www.europesays.com\/de\/wp-json\/wp\/v2\/posts\/1255811","targetHints":{"allow":["GET"]}}],"collection":[{"href":"https:\/\/www.europesays.com\/de\/wp-json\/wp\/v2\/posts"}],"about":[{"href":"https:\/\/www.europesays.com\/de\/wp-json\/wp\/v2\/types\/post"}],"author":[{"embeddable":true,"href":"https:\/\/www.europesays.com\/de\/wp-json\/wp\/v2\/users\/2"}],"replies":[{"embeddable":true,"href":"https:\/\/www.europesays.com\/de\/wp-json\/wp\/v2\/comments?post=1255811"}],"version-history":[{"count":0,"href":"https:\/\/www.europesays.com\/de\/wp-json\/wp\/v2\/posts\/1255811\/revisions"}],"wp:featuredmedia":[{"embeddable":true,"href":"https:\/\/www.europesays.com\/de\/wp-json\/wp\/v2\/media\/1255812"}],"wp:attachment":[{"href":"https:\/\/www.europesays.com\/de\/wp-json\/wp\/v2\/media?parent=1255811"}],"wp:term":[{"taxonomy":"category","embeddable":true,"href":"https:\/\/www.europesays.com\/de\/wp-json\/wp\/v2\/categories?post=1255811"},{"taxonomy":"post_tag","embeddable":true,"href":"https:\/\/www.europesays.com\/de\/wp-json\/wp\/v2\/tags?post=1255811"}],"curies":[{"name":"wp","href":"https:\/\/api.w.org\/{rel}","templated":true}]}}