{"id":1255870,"date":"2026-08-23T17:42:14","date_gmt":"2026-08-23T17:42:14","guid":{"rendered":"https:\/\/www.europesays.com\/de\/1255870\/"},"modified":"2026-08-23T17:42:14","modified_gmt":"2026-08-23T17:42:14","slug":"pokalsieg-bei-schott-mainz-gladbach-knallt-los-bolin-trifft-doppelt-sport","status":"publish","type":"post","link":"https:\/\/www.europesays.com\/de\/1255870\/","title":{"rendered":"Pokalsieg bei Schott Mainz: Gladbach knallt los &#8211; Bolin trifft doppelt | Sport"},"content":{"rendered":"<p><a class=\"skip-content skip-content--link\" href=\"#in-content-skip-link-target-v-0-0\">TTS-Player \u00fcberspringen\u21b5<\/a><a id=\"in-content-skip-link-target-v-0-0\" class=\"skip-content--target-link-hidden skip-content skip-content--target-link\" href=\"#in-content-skip-link-target-v-0-0\">Artikel weiterlesen<\/a><\/p>\n<p data-21134c99=\"0-2223\"><b>Pflicht erf\u00fcllt! Gladbach feiert einen Knallstart in die neue Saison, steht in der 2. Runde des DFB-Pokals und darf weiter vom ersten Titel seit 31 Jahren tr\u00e4umen. Mega-mitrei\u00dfend war es zwar nicht, was die Borussen beim 5:0 bei F\u00fcnftligist TSV Schott Mainz ablieferten. Aber ernsthaft in Gefahr geriet der VfL zu keinem Zeitpunkt &#8211; es war es ein seri\u00f6ser, solider Auftritt!<\/b><\/p>\n<p data-21134c99=\"0-2223\">\u00c4rgerlich aus VfL-Sicht nur: Ein Teil der Pokalpr\u00e4mie des DFB wird bald schon wieder weg sein &#8211; weil einige der 8000 Anh\u00e4nger kurz nach der Pause jede Menge Raucht\u00f6pfe in den Vereinsfarben gr\u00fcn-wei\u00df-schwarz abfackelten &#8211; das gibt eine saftige Geldstrafe.<\/p>\n<p data-21134c99=\"0-2223\">Sportlich hat Coach Eugen Polanski (40) mit Blick auf den Liga-Start am Samstag bei RB Leipzig (15.30 Uhr\/Sky) keine allzu gro\u00dfen Erkenntnisse sammeln k\u00f6nnen. Au\u00dfer dass Hugo Bolin seiner Ank\u00fcndigung vom Tegernsee-Trainingslager Taten folgen l\u00e4sst: \u201eIch will effektiver werden, mehr Tore und mehr Vorlagen liefern.\u201c In Mainz hielt er sein Versprechen &#8211; mit einem Doppelpack!<\/p>\n<p data-21134c99=\"0-2223\">Bolin hatte schon in der 7. Minute die erste Gro\u00dfchance der Saison, scheiterte aber an Schott-Keeper Jan Schulz. In der 22. Minute lie\u00df er es dann klingeln, veredelte den Traumass von Philipp Sander trocken ins rechte Eck. Kurz danach war die Sache dann schon durch! Neu-Japaner Daiki Hashioka wollte die Kugel vom rechten Strafraumeck in die Mitte k\u00f6pfen und Isac Lidberg bedienen. Der Mittelst\u00fcrmer, der Kapit\u00e4n Tim Kleindienst (Muskelprobleme) ersetzte, verfehlte die Kugel, irritierte den Torwart aber so, dass Hashiokas Ball im langen Eck einschlug.<\/p>\n<p>Itakura sorgt f\u00fcr G\u00e4nsehaut-Moment<\/p>\n<p data-21134c99=\"0-2223\">Bis zur Pause musste Gladbach dann zwei Schreckmomente \u00fcberstehen, als Dom-Rep-Nationalspieler Fabian Messina knapp vorbeizielte und Moritz Nicolas den Kracher von Karim Zeghli \u00fcber die Latte lenkte. Dann war der Rest Formsache: Bolin legte nach Pass von Robin Hack das 3:0 nach (48.), Lukas Ullrich knallte die Kugel per Vollspann zum 4:0 ins Eck (61.), Wael Mohya schob nach Zuspiel von Franck Honorat zum 5:0 ein (67.).<\/p>\n<p data-21134c99=\"0-2223\">Der G\u00e4nsehautmoment des Spiels: Ajax-R\u00fcckkehrer Ko Itakura feierte in der 57. Minute nach einem Jahr in Amsterdam sein Gladbach-Comeback &#8211; und wurde von den Borussen-Fans frenetisch gefeiert.<\/p>\n","protected":false},"excerpt":{"rendered":"TTS-Player \u00fcberspringen\u21b5Artikel weiterlesen Pflicht erf\u00fcllt! Gladbach feiert einen Knallstart in die neue Saison, steht in der 2. Runde&hellip;\n","protected":false},"author":2,"featured_media":1255871,"comment_status":"","ping_status":"","sticky":false,"template":"","format":"standard","meta":{"footnotes":"","_share_on_mastodon":"0"},"categories":[5],"tags":[176701,815,69832,538,13,33581,14,15,100524,12,126094,301,819,10,8,9,11],"class_list":["post-1255870","post","type-post","status-publish","format-standard","has-post-thumbnail","category-nachrichten","tag-bolin-hugo","tag-borussia-moenchengladbach","tag-elvedi-nico","tag-erste-bundesliga","tag-headlines","tag-itakura-ko","tag-nachrichten","tag-news","tag-polanski-eugen","tag-schlagzeilen","tag-schroeder-rouven","tag-spielbericht","tag-sport-leuchtturm-essen","tag-top-news","tag-top-meldungen","tag-topmeldungen","tag-topnews"],"share_on_mastodon":{"url":"https:\/\/pubeurope.com\/@de\/117146062235554329","error":""},"_links":{"self":[{"href":"https:\/\/www.europesays.com\/de\/wp-json\/wp\/v2\/posts\/1255870","targetHints":{"allow":["GET"]}}],"collection":[{"href":"https:\/\/www.europesays.com\/de\/wp-json\/wp\/v2\/posts"}],"about":[{"href":"https:\/\/www.europesays.com\/de\/wp-json\/wp\/v2\/types\/post"}],"author":[{"embeddable":true,"href":"https:\/\/www.europesays.com\/de\/wp-json\/wp\/v2\/users\/2"}],"replies":[{"embeddable":true,"href":"https:\/\/www.europesays.com\/de\/wp-json\/wp\/v2\/comments?post=1255870"}],"version-history":[{"count":0,"href":"https:\/\/www.europesays.com\/de\/wp-json\/wp\/v2\/posts\/1255870\/revisions"}],"wp:featuredmedia":[{"embeddable":true,"href":"https:\/\/www.europesays.com\/de\/wp-json\/wp\/v2\/media\/1255871"}],"wp:attachment":[{"href":"https:\/\/www.europesays.com\/de\/wp-json\/wp\/v2\/media?parent=1255870"}],"wp:term":[{"taxonomy":"category","embeddable":true,"href":"https:\/\/www.europesays.com\/de\/wp-json\/wp\/v2\/categories?post=1255870"},{"taxonomy":"post_tag","embeddable":true,"href":"https:\/\/www.europesays.com\/de\/wp-json\/wp\/v2\/tags?post=1255870"}],"curies":[{"name":"wp","href":"https:\/\/api.w.org\/{rel}","templated":true}]}}