{"id":1255902,"date":"2026-08-23T18:00:20","date_gmt":"2026-08-23T18:00:20","guid":{"rendered":"https:\/\/www.europesays.com\/de\/1255902\/"},"modified":"2026-08-23T18:00:20","modified_gmt":"2026-08-23T18:00:20","slug":"von-peru-bis-korea-wuppertal-schlemmt-sich-beim-streetfood-festival-um-die-welt","status":"publish","type":"post","link":"https:\/\/www.europesays.com\/de\/1255902\/","title":{"rendered":"Von Peru bis Korea: Wuppertal schlemmt sich beim Streetfood-Festival um die Welt"},"content":{"rendered":"<p class=\"text_ohne_einzug richtext text-em-55 !leading-serif mx-6 desktop:mx-0\"> Kulturen entdecken und schlemmen konnte man erneut beim \u201eStreet-Food &amp; Music-Festival\u201c in Elberfeld, das sich von Freitag bis Sonntag vor der Laurentius-Kirche mit \u00fcber 20 Foodtrucks, einem DJ-Pult und Bierzeltgarnituren aufgebaut hatte. Kulinarisch durch Kontinente reisen, ohne den beschaulichen Platz daf\u00fcr zu verlassen, ging mit manch einer Neuentdeckung einher, denn neben den Klassikern wie italienischer Pasta und t\u00fcrkischem B\u00f6rek waren auch Arepas aus Venezuela oder griechische Loukoumades am Start.<\/p>\n","protected":false},"excerpt":{"rendered":"Kulturen entdecken und schlemmen konnte man erneut beim \u201eStreet-Food &amp; Music-Festival\u201c in Elberfeld, das sich von Freitag bis&hellip;\n","protected":false},"author":2,"featured_media":1255903,"comment_status":"","ping_status":"","sticky":false,"template":"","format":"standard","meta":{"footnotes":"","_share_on_mastodon":"0"},"categories":[1840],"tags":[259768,3364,29,16373,3688,5561,68301,26094,21407,26095,30,256995,1209,254727,1079,33605,20179,26099,4418],"class_list":["post-1255902","post","type-post","status-publish","format-standard","has-post-thumbnail","category-wuppertal","tag-arepa","tag-de","tag-deutschland","tag-elberfeld","tag-essen","tag-festival","tag-festivalstimmung","tag-food","tag-foodtruck","tag-foodtrucks","tag-germany","tag-italienischer","tag-nordrhein-westfalen","tag-pult","tag-reisen","tag-stimmung","tag-street","tag-streetfood","tag-wuppertal"],"share_on_mastodon":{"url":"https:\/\/pubeurope.com\/@de\/117146132715183076","error":""},"_links":{"self":[{"href":"https:\/\/www.europesays.com\/de\/wp-json\/wp\/v2\/posts\/1255902","targetHints":{"allow":["GET"]}}],"collection":[{"href":"https:\/\/www.europesays.com\/de\/wp-json\/wp\/v2\/posts"}],"about":[{"href":"https:\/\/www.europesays.com\/de\/wp-json\/wp\/v2\/types\/post"}],"author":[{"embeddable":true,"href":"https:\/\/www.europesays.com\/de\/wp-json\/wp\/v2\/users\/2"}],"replies":[{"embeddable":true,"href":"https:\/\/www.europesays.com\/de\/wp-json\/wp\/v2\/comments?post=1255902"}],"version-history":[{"count":0,"href":"https:\/\/www.europesays.com\/de\/wp-json\/wp\/v2\/posts\/1255902\/revisions"}],"wp:featuredmedia":[{"embeddable":true,"href":"https:\/\/www.europesays.com\/de\/wp-json\/wp\/v2\/media\/1255903"}],"wp:attachment":[{"href":"https:\/\/www.europesays.com\/de\/wp-json\/wp\/v2\/media?parent=1255902"}],"wp:term":[{"taxonomy":"category","embeddable":true,"href":"https:\/\/www.europesays.com\/de\/wp-json\/wp\/v2\/categories?post=1255902"},{"taxonomy":"post_tag","embeddable":true,"href":"https:\/\/www.europesays.com\/de\/wp-json\/wp\/v2\/tags?post=1255902"}],"curies":[{"name":"wp","href":"https:\/\/api.w.org\/{rel}","templated":true}]}}