{"id":1255918,"date":"2026-08-23T18:11:49","date_gmt":"2026-08-23T18:11:49","guid":{"rendered":"https:\/\/www.europesays.com\/de\/1255918\/"},"modified":"2026-08-23T18:11:49","modified_gmt":"2026-08-23T18:11:49","slug":"desertiert-80-ukrainische-soldaten-setzen-sich-waehrend-ausbildung-in-deutschland-ab","status":"publish","type":"post","link":"https:\/\/www.europesays.com\/de\/1255918\/","title":{"rendered":"Desertiert! 80 ukrainische Soldaten setzen sich w\u00e4hrend Ausbildung in Deutschland ab"},"content":{"rendered":"<p>\n                    Zuerst ver\u00f6ffentlicht am                 20\/08\/2026 &#8211; 17:37 MESZ\u2022Zuletzt aktualisiert<br \/>\n                                     17:54\n                                        <\/p>\n<p>Allein in Sachsen-Anhalt sind dem zust\u00e4ndigen Innenministerium rund 80 F\u00e4lle bekannt. Deutschlandweit soll es Hunderte dieser F\u00e4lle geben. Eine offizielle Gesamtstatistik der Bundesregierung gibt es bislang nicht. Auch aus anderen Bundesl\u00e4ndern sind derzeit keine \u00f6ffentlich best\u00e4tigten Zahlen bekannt.<\/p>\n<p>          <img decoding=\"async\" class=\"c-ad__placeholder__logo\" src=\"https:\/\/static.euronews.com\/website\/images\/logos\/logo-euronews-stacked-outlined-72x72-grey-9.svg\" width=\"72\" height=\"72\" alt=\"\" loading=\"lazy\"\/><br \/>\n          WERBUNG<\/p>\n<p>          <img decoding=\"async\" class=\"c-ad__placeholder__logo\" src=\"https:\/\/static.euronews.com\/website\/images\/logos\/logo-euronews-stacked-outlined-72x72-grey-9.svg\" width=\"72\" height=\"72\" alt=\"\" loading=\"lazy\"\/><br \/>\n          WERBUNG<\/p>\n<p>Seit Beginn des Kriegs zwischen Russland und der Ukraine haben nach Angaben der Bundeswehr rund 29.000 ukrainische Soldaten eine Ausbildung in Deutschland absolviert.<\/p>\n<p>Die Ausbildung findet an zahlreichen Standorten statt. Dabei lernen die Soldaten unter anderem den Umgang mit Waffen, Tarnung und grundlegende Erste-Hilfe-Ma\u00dfnahmen. Nach Abschluss der Ausbildung sollen sie normalerweise in die Ukraine zur\u00fcckkehren und dort eingesetzt werden.<\/p>\n<p>F\u00fcr die Soldaten, die nicht zur\u00fcckkehren, kann die Fahnenflucht rechtliche Folgen haben: Das unerlaubte Entfernen von der Truppe kann als Desertation gewertet werden, bei einer Verurteilung drohen mehrj\u00e4hrige Haftstrafen.<\/p>\n<p>Gleichzeitig stellt sich die Frage, was mit den Betroffenen in Deutschland geschieht. Der vereinfachte Aufenthaltsstatus f\u00fcr ukrainische Kriegsfl\u00fcchtlinge gilt grunds\u00e4tzlich nicht automatisch f\u00fcr Soldaten, die von der Ukraine zur Ausbildung nach Deutschland geschickt wurden. <\/p>\n<p>Asylantr\u00e4ge in Deutschland wohl aussichtslos<\/p>\n<p>Einige k\u00f6nnten jedoch versuchen, \u00fcber ein Asylverfahren in Deutschland zu bleiben.<\/p>\n<p>Wie Euronews<a href=\"https:\/\/de.euronews.com\/my-europe\/2026\/06\/26\/brussel-schliesst-wehrfahige-ukrainer-vom-vorubergehenden-eu-schutz-aus\" rel=\"nofollow noopener\" target=\"_blank\"> bereits im Juni berichtete<\/a>, haben sich die EU-Staaten in Br\u00fcssel darauf geeinigt, M\u00e4nner im wehrf\u00e4higen Alter von einer Regelung f\u00fcr einen automatischen Anspruch auf Schutz in der EU auszuschlie\u00dfen. Dies geschah auf Bitte der ukrainischen Regierung. <\/p>\n<p>Demnach sollen nur noch Personen von den vereinfachten Aufnahmeregeln profitieren, die ihren Wehrdienst in der Ukraine bereits absolviert haben oder davon befreit sind. Das teilte der Rat der EU-Staaten mit. Als Nachweis soll k\u00fcnftig ein Stempel im Reisepass oder eine offizielle Bescheinigung dienen, aus der hervorgeht, dass die Ausreise aus der Ukraine rechtm\u00e4\u00dfig erfolgt ist beziehungsweise eine Befreiung vom Wehrdienst vorliegt.<\/p>\n","protected":false},"excerpt":{"rendered":"Zuerst ver\u00f6ffentlicht am 20\/08\/2026 &#8211; 17:37 MESZ\u2022Zuletzt aktualisiert 17:54 Allein in Sachsen-Anhalt sind dem zust\u00e4ndigen Innenministerium rund 80&hellip;\n","protected":false},"author":2,"featured_media":1255919,"comment_status":"","ping_status":"","sticky":false,"template":"","format":"standard","meta":{"footnotes":"","_share_on_mastodon":"0"},"categories":[3933],"tags":[331,332,548,663,158,3934,3935,13,1435,451,14,15,12,13036,317,1712],"class_list":["post-1255918","post","type-post","status-publish","format-standard","has-post-thumbnail","category-eu","tag-aktuelle-nachrichten","tag-aktuelle-news","tag-eu","tag-europa","tag-europaeische-union","tag-europe","tag-european-union","tag-headlines","tag-krieg-in-der-ukraine","tag-militaer","tag-nachrichten","tag-news","tag-schlagzeilen","tag-soldat","tag-ukraine","tag-ukraine-krieg"],"share_on_mastodon":{"url":"https:\/\/pubeurope.com\/@de\/117146178376680531","error":""},"_links":{"self":[{"href":"https:\/\/www.europesays.com\/de\/wp-json\/wp\/v2\/posts\/1255918","targetHints":{"allow":["GET"]}}],"collection":[{"href":"https:\/\/www.europesays.com\/de\/wp-json\/wp\/v2\/posts"}],"about":[{"href":"https:\/\/www.europesays.com\/de\/wp-json\/wp\/v2\/types\/post"}],"author":[{"embeddable":true,"href":"https:\/\/www.europesays.com\/de\/wp-json\/wp\/v2\/users\/2"}],"replies":[{"embeddable":true,"href":"https:\/\/www.europesays.com\/de\/wp-json\/wp\/v2\/comments?post=1255918"}],"version-history":[{"count":0,"href":"https:\/\/www.europesays.com\/de\/wp-json\/wp\/v2\/posts\/1255918\/revisions"}],"wp:featuredmedia":[{"embeddable":true,"href":"https:\/\/www.europesays.com\/de\/wp-json\/wp\/v2\/media\/1255919"}],"wp:attachment":[{"href":"https:\/\/www.europesays.com\/de\/wp-json\/wp\/v2\/media?parent=1255918"}],"wp:term":[{"taxonomy":"category","embeddable":true,"href":"https:\/\/www.europesays.com\/de\/wp-json\/wp\/v2\/categories?post=1255918"},{"taxonomy":"post_tag","embeddable":true,"href":"https:\/\/www.europesays.com\/de\/wp-json\/wp\/v2\/tags?post=1255918"}],"curies":[{"name":"wp","href":"https:\/\/api.w.org\/{rel}","templated":true}]}}