{"id":1255925,"date":"2026-08-23T18:16:27","date_gmt":"2026-08-23T18:16:27","guid":{"rendered":"https:\/\/www.europesays.com\/de\/1255925\/"},"modified":"2026-08-23T18:16:27","modified_gmt":"2026-08-23T18:16:27","slug":"die-fan-tafel-begeistert-bei-der-lidl-deutschland-tour-lidl-sorgt-fuer-kulinarisches","status":"publish","type":"post","link":"https:\/\/www.europesays.com\/de\/1255925\/","title":{"rendered":"Die Fan-Tafel begeistert bei der Lidl Deutschland Tour \/ Lidl sorgt f\u00fcr kulinarisches &#8230;"},"content":{"rendered":"<p class=\"date\">23.08.2026 \u2013 19:30<\/p>\n<p class=\"customer\">\n                        <a class=\"story-customer\" title=\"weiter zum newsroom von Lidl\" href=\"https:\/\/www.presseportal.de\/nr\/58227\" rel=\"nofollow noopener\" target=\"_blank\">Lidl<\/a>\n                    <\/p>\n<p><a class=\"glightbox event-trigger\" href=\"https:\/\/cache.pressmailing.net\/thumbnail\/story_hires\/ba0ed628-803a-486b-85ca-e041b97746c9\/260823_Lidl_Foto_Lidl%20Fan-Tafel.jpg.jpg\" data-description=\"Die Fan-Tafel begeistert bei der Lidl Deutschland Tour | Foto: Lidl \/ Weiterer Text \u00fcber ots und www.presseportal.de\/nr\/58227 \/ Die Verwendung dieses Bildes f\u00fcr redaktionelle Zwecke ist unter Beachtung aller mitgeteilten Nutzungsbedingungen zul\u00e4ssig und dann auch honorarfrei. Ver\u00f6ffentlichung ausschlie\u00dflich mit Bildrechte-Hinweis.\" data-category=\"medialightbox\" data-action=\"click\" data-label=\"single\" data-value=\"6a8b22ae270000fd2cac5c0d\" rel=\"nofollow noopener\" target=\"_blank\"><img decoding=\"async\" height=\"540\" with=\"720\" src=\"https:\/\/www.europesays.com\/de\/wp-content\/uploads\/2026\/08\/die-fan-tafel-begeistert-bei-der-lidl-deutschland-tour-lidl-sorgt-f-r-kulinarisches-highlight-am-str.jpeg\"   alt=\"Die Fan-Tafel begeistert bei der Lidl Deutschland Tour \/ Lidl sorgt f\u00fcr kulinarisches Highlight am Streckenrand und spektakul\u00e4re Bilder\" class=\"single\"\/><\/a><\/p>\n<p><a data-category=\"citylink-story-view\" data-action=\"click\" data-label=\"Citylink in Meldungsansicht\" class=\"story-city event-trigger\" href=\"https:\/\/www.presseportal.de\/regional\/Bad%20Wimpfen\" title=\"News aus Bad Wimpfen \" rel=\"nofollow noopener\" target=\"_blank\">Bad Wimpfen<\/a> (ots)<\/p>\n<p> Zum gro\u00dfen Finale der Lidl Deutschland Tour hat der Lebensmitteleinzelh\u00e4ndler am Sonntag ein besonderes Event gefeiert: An der Lidl Fan-Tafel in Donnbronn sind Fans, Mitarbeiter und bekannte Sport-Pers\u00f6nlichkeiten zusammengekommen, um Deutschlands wichtigstes, mehrt\u00e4giges Profi-Radrennen gemeinsam am Streckenrand zu erleben. <\/p>\n<p> Der Hauptsponsor, Namensgeber und &#8222;Offizielle Frischepartner&#8220; der Lidl Deutschland Tour hat hierf\u00fcr ein \u00fcberdimensionales Fahrrad mit den Ma\u00dfen 30 mal 50 Meter aus Tischen aufgebaut, das als Essenstafel f\u00fcr \u00fcber 100 geladene G\u00e4ste diente. Passend zum Motto &#8222;Feed your Passion&#8220; servierte Lidl den G\u00e4sten direkt am Streckenrand ein Drei-G\u00e4nge-Men\u00fc, das bewusste Ern\u00e4hrung und das Frischeversprechen in den Fokus r\u00fcckte. W\u00e4hrend die Radsportfans vor Ort ein kulinarisches Erlebnis der besonderen Art genie\u00dfen durften, lieferte die Lidl Fan-Tafel auch einzigartige Luftaufnahmen f\u00fcr die TV-Zuschauer zuhause. Ein 6400 Quadratmeter gro\u00dfes Lidl-Logo im angrenzenden Maisfeld war auf den Fernsehbildern ebenfalls zu sehen. <\/p>\n<p><b>Fokus auf Gesundheit durch Bewegung, Sport und bewusste Ern\u00e4hrung<\/b><\/p>\n<p> Mit dem Event auf dem insgesamt vier Hektar gro\u00dfen Feld richtete Lidl den Fokus darauf, wie wichtig die Kombination aus Bewegung, Sport und einer bewussten Ern\u00e4hrung f\u00fcr eine ganzheitliche Gesundheit ist. Einen aktiven Lebensstil zu f\u00f6rdern, sieht der Frische-Discounter als Teil seiner sozialen Verantwortung. Das langj\u00e4hrige Engagement von Lidl im Radsport und die Mehrheitsbeteiligung am Rennteam Lidl-Trek unterstreichen diesen Anspruch. <\/p>\n<p> &#8222;Radsport lebt von Leidenschaft &#8211; von den Teams und Fahrern genauso wie von den Fans vor den Fernsehern und am Streckenrand der Lidl Deutschland Tour. Doch Leidenschaft entsteht nicht allein auf der Stra\u00dfe. Sie entsteht in den Momenten dazwischen: Wenn Menschen gemeinsam mitfiebern, zusammenkommen und Erlebnisse teilen, die verbinden und in Erinnerung bleiben. Genau so einen Moment haben wir mit der Fan-Tafel gemeinsam mit den Fans geschaffen&#8220;, sagt Alexander Lafery, Leitung Marketing der Lidl Dienstleistung GmbH &amp; Co. KG. <\/p>\n<p> Auf dem Feld begr\u00fc\u00dfte Lidl Radsportfans und Mitarbeiter der Schwarz Gruppe sowie bekannte Sport-Pers\u00f6nlichkeiten, darunter das aufstrebende Radsporttalent Benedikt Benz von Lidl-Trek, der ehemalige Handball-Nationalspieler Uwe Gensheimer sowie der ehemalige NFL-Profi Markus Kuhn. <\/p>\n<p><b>Lidl Fan-Tafel: Drei Durchfahrten und TV-Bildschirme f\u00fcr ganzheitliches Erlebnis<\/b><\/p>\n<p> &#8222;Seit meinem Karriereende fahre ich selbst oft Rennrad. Neben dem Spitzensport bei der Lidl Deutschland Tour auch noch so ein einmaliges kulinarisches Erlebnis bei der Fan-Tafel zu feiern und dabei mit Fans und Sportlern mitzufiebern und zu diskutieren, ist etwas ganz Besonderes. Es ist immer wieder sch\u00f6n zu erleben, mit welchem Engagement Lidl im Sport dabei ist&#8220;, sagt Handball-Legende Uwe Gensheimer. <\/p>\n<p> Trotz der vielen Eindr\u00fccke und des spannenden Programms auf dem Feld erlebten die Anwesenden das Rennen hautnah: Insgesamt passierten die Spitzensportler die Fan-Tafel bei Donnbronn dreimal. Die finale Etappe der Lidl Deutschland Tour f\u00fchrte durch die Heimatregion von Lidl. Dabei startete und endete sie in Heilbronn. \u00dcber eigens installierte TV-Bildschirme konnten die Fans vor Ort das gesamte Rennen am Final-Sonntag verfolgen. <\/p>\n<p> Weitere Informationen zu Lidl in Deutschland finden Sie  <a target=\"_blank\" class=\"uri-ext outbound\" rel=\"noopener nofollow\" href=\"https:\/\/unternehmen.lidl.de\/newsroom\/boilerplate\">hier<\/a>. <\/p>\n<p class=\"contact-headline\">Pressekontakt:<\/p>\n<p class=\"contact-text\">Lidl Dienstleistung GmbH &amp; Co. KG \u00b7 Corporate Media Relations<br \/>07063\/931 60 90 \u00b7 <a href=\"https:\/\/www.presseportal.de\/pm\/58227\/mailto:presse@lidl.de\" class=\"uri-mailto\" rel=\"nofollow noopener\" target=\"_blank\">presse@lidl.de<\/a><\/p>\n<p class=\"originator\">Original-Content von: Lidl, \u00fcbermittelt durch news aktuell<\/p>\n","protected":false},"excerpt":{"rendered":"23.08.2026 \u2013 19:30 Lidl Bad Wimpfen (ots) Zum gro\u00dfen Finale der Lidl Deutschland Tour hat der Lebensmitteleinzelh\u00e4ndler am&hellip;\n","protected":false},"author":2,"featured_media":1255926,"comment_status":"","ping_status":"","sticky":false,"template":"","format":"standard","meta":{"footnotes":"","_share_on_mastodon":"0"},"categories":[2],"tags":[331,3924,332,3922,3477,3364,29,30,3986,13,97789,14,3923,15,3921,178,180,179,181,9408,12,13089,265,3699],"class_list":["post-1255925","post","type-post","status-publish","format-standard","has-post-thumbnail","category-deutschland","tag-aktuelle-nachrichten","tag-aktuelle-nachrichten-aus-deutschland","tag-aktuelle-news","tag-aktuelle-news-aus-deutschland","tag-bild","tag-de","tag-deutschland","tag-germany","tag-handel","tag-headlines","tag-lidl-deutschland-tour","tag-nachrichten","tag-nachrichten-aus-deutschland","tag-news","tag-news-aus-deutschland","tag-presse","tag-pressemeldung","tag-pressemitteilung","tag-pressemitteilungen","tag-radsport","tag-schlagzeilen","tag-sponsoring","tag-sport","tag-veranstaltung"],"share_on_mastodon":{"url":"https:\/\/pubeurope.com\/@de\/117146197177986293","error":""},"_links":{"self":[{"href":"https:\/\/www.europesays.com\/de\/wp-json\/wp\/v2\/posts\/1255925","targetHints":{"allow":["GET"]}}],"collection":[{"href":"https:\/\/www.europesays.com\/de\/wp-json\/wp\/v2\/posts"}],"about":[{"href":"https:\/\/www.europesays.com\/de\/wp-json\/wp\/v2\/types\/post"}],"author":[{"embeddable":true,"href":"https:\/\/www.europesays.com\/de\/wp-json\/wp\/v2\/users\/2"}],"replies":[{"embeddable":true,"href":"https:\/\/www.europesays.com\/de\/wp-json\/wp\/v2\/comments?post=1255925"}],"version-history":[{"count":0,"href":"https:\/\/www.europesays.com\/de\/wp-json\/wp\/v2\/posts\/1255925\/revisions"}],"wp:featuredmedia":[{"embeddable":true,"href":"https:\/\/www.europesays.com\/de\/wp-json\/wp\/v2\/media\/1255926"}],"wp:attachment":[{"href":"https:\/\/www.europesays.com\/de\/wp-json\/wp\/v2\/media?parent=1255925"}],"wp:term":[{"taxonomy":"category","embeddable":true,"href":"https:\/\/www.europesays.com\/de\/wp-json\/wp\/v2\/categories?post=1255925"},{"taxonomy":"post_tag","embeddable":true,"href":"https:\/\/www.europesays.com\/de\/wp-json\/wp\/v2\/tags?post=1255925"}],"curies":[{"name":"wp","href":"https:\/\/api.w.org\/{rel}","templated":true}]}}