{"id":1255934,"date":"2026-08-23T18:22:18","date_gmt":"2026-08-23T18:22:18","guid":{"rendered":"https:\/\/www.europesays.com\/de\/1255934\/"},"modified":"2026-08-23T18:22:18","modified_gmt":"2026-08-23T18:22:18","slug":"dfb-pokal-nuernberger-nervenspiel-reichert-rettet-zittersieg","status":"publish","type":"post","link":"https:\/\/www.europesays.com\/de\/1255934\/","title":{"rendered":"DFB-Pokal: N\u00fcrnberger Nervenspiel: Reichert rettet Zittersieg"},"content":{"rendered":"<p class=\"mb-6 text-xs-varying md:text-m lg:text-l font-serif group-[.font-sans]:font-sans \">\n    V\u00f6llig enthemmt lief N\u00fcrnbergs Matchwinner Jan Reichert nach seiner finalen Glanztat mit ausgebreiteten Armen in die Fankurve. Der Torwart bewahrte seinen 1. FC zum Auftakt im DFB-Pokal vor einer erneuten Schmach und lie\u00df sich nach dem Zittersieg beim Drittligisten Viktoria K\u00f6ln im Elfmeterschie\u00dfen von seinen Mitspielern feiern.\n  <\/p>\n<p class=\"mb-6 text-xs-varying md:text-m lg:text-l font-serif group-[.font-sans]:font-sans \">\n    \u201eDas ist sehr viel Intuition und Instinkt\u201c, sagte der Kapit\u00e4n von Miroslav Kloses Mannschaft nach dem 5:4 im Elfmeterschie\u00dfen \u00fcber die Lotterie vom Punkt. \u201eAm Ende bin ich einfach nur froh, dass ich der Mannschaft helfen konnte.\u201c\n  <\/p>\n<p>            Scobel erzielt die F\u00fchrung<\/p>\n<p class=\"mb-6 text-xs-varying md:text-m lg:text-l font-serif group-[.font-sans]:font-sans \">\n    Vor einem Jahr waren die N\u00fcrnberger beim Regionalligisten FV Illertissen im Elfmeterschie\u00dfen ausgeschieden. So ein Fiasko wollte der Spitzenreiter der 2. Fu\u00dfball-Bundesliga diesmal nat\u00fcrlich verhindern. Es gelang nur knapp &#8211; und mit ganz viel Zittern und Dusel.\n  <\/p>\n<p class=\"mb-6 text-xs-varying md:text-m lg:text-l font-serif group-[.font-sans]:font-sans \">\n    \u201eF\u00fcr mich pers\u00f6nlich muss das mit dem Elfmeterschie\u00dfen nie sein. Ich bin immer noch am Ende mit meinen Nerven\u201c, meinte St\u00fcrmer Piet Scobel, der die lange harmlosen Franken in der 57. Minute mit einer feinen Aktion in F\u00fchrung geschossen hatte. \u201eIch bin einfach froh, dass wir eine Runde weiter sind.\u201c\n  <\/p>\n<p class=\"mb-6 text-xs-varying md:text-m lg:text-l font-serif group-[.font-sans]:font-sans \">\n    Die K\u00f6lner belohnten sich erst unmittelbar vor dem Abpfiff der regul\u00e4ren Spielzeit. Meiko Sponsel (90.+6) nickte eine Freisto\u00dfflanke von Pascal Fallmann \u00fcber die Linie &#8211; da war Klose so richtig bedient.\n  <\/p>\n<p>            Reichert h\u00e4lt gleich zweimal<\/p>\n<p class=\"mb-6 text-xs-varying md:text-m lg:text-l font-serif group-[.font-sans]:font-sans \">\n    \u201eWir haben, wie im Derby, einfach nicht gut in unser Spiel gefunden, waren zu schleppend und haben nicht die richtigen R\u00e4ume gefunden\u201c, sagte der fr\u00fchere Nationalst\u00fcrmer nach dem gl\u00fccklichen Einzug in die zweite Runde. \u201eWir haben den Jungs in der Halbzeit ein paar Sachen gezeigt, worauf wir besser im Spiel waren. Der 1:1-Ausgleich geht in der Gesamtbetrachtung dennoch in Ordnung.\u201c\n  <\/p>\n<p class=\"mb-6 text-xs-varying md:text-m lg:text-l font-serif group-[.font-sans]:font-sans \">\n    Und wie schon beim 4:2 im Frankenderby gegen die SpVgg Greuther F\u00fcrth war Reichert bei den Elfmetern wieder hellwach. Der 25-J\u00e4hrige hatte gegen den Lokalrivalen einen Strafsto\u00df gehalten, nun war er sogar zweimal von gegnerischen Sch\u00fctzen nicht zu \u00fcberwinden. W\u00e4hrend beim Club Giannis Masouras und Javier Fernandez verschossen, fanden die K\u00f6lner Fallmann und Niklas Jahn in Reichert ihren Meister. Zudem zielte Niklas Swider \u00fcber das Tor.\n  <\/p>\n<p>            \u201eAm Ende ist das Elfmeterschie\u00dfen immer Gl\u00fcck\u201c<\/p>\n<p class=\"mb-6 text-xs-varying md:text-m lg:text-l font-serif group-[.font-sans]:font-sans \">\n    \u201eMan muss am Ende sagen, dass wir der gl\u00fcckliche Sieger sind. Viktoria K\u00f6ln hat das heute sehr gut gemacht und wir haben uns schwergetan, die richtigen R\u00e4ume zu finden\u201c, sagte Reichert, der nach dem Schlusspfiff von seinen Mitspielern umarmt wurde. \u201eAm Ende ist das Elfmeterschie\u00dfen immer Gl\u00fcck.\u201c\n  <\/p>\n<p class=\"mb-6 text-xs-varying md:text-m lg:text-l font-serif group-[.font-sans]:font-sans \">\n    Ende Oktober bestreiten die N\u00fcrnberger, die nun mehr als 400.000 Euro f\u00fcr das Weiterkommen mehr auf ihrem Konto haben, dann ihre Zweitrundenpartie. Bis dahin wollen sie ihre ausgezeichnete Ausgangslage in der 2. Bundesliga mit sechs Punkten aus zwei Spielen ausbauen. Gl\u00fcck hin oder her.\n  <\/p>\n<p>    <img decoding=\"async\" src=\"https:\/\/www.europesays.com\/de\/wp-content\/uploads\/2026\/08\/viktoria-koeln-1-fc-nuernberg.jpg\" alt=\"Jan Reichert ist der Matchwinner f\u00fcr den 1. FC N\u00fcrnberg.\" title=\"Jan Reichert ist der Matchwinner f\u00fcr den 1. FC N\u00fcrnberg.\" loading=\"lazy\" class=\"h-full w-full object-cover\"\/><\/p>\n<p>      Icon vergr\u00f6\u00dfern<\/p>\n<p>    Jan Reichert ist der Matchwinner f\u00fcr den 1. FC N\u00fcrnberg.<br \/>\n    Foto: Fabian Strauch\/dpa<\/p>\n<p>        Schlie\u00dfen <\/p>\n<p>      Icon Schlie\u00dfen<\/p>\n<p>        Icon vergr\u00f6\u00dfern<\/p>\n<p>        Icon verkleinern<\/p>\n<p>      Icon Pfeil bewegen<\/p>\n<p>    Jan Reichert ist der Matchwinner f\u00fcr den 1. FC N\u00fcrnberg.<br \/>\n    Foto: Fabian Strauch\/dpa<\/p>\n<p>    <img decoding=\"async\" src=\"https:\/\/www.europesays.com\/de\/wp-content\/uploads\/2026\/08\/1787509338_323_viktoria-koeln-1-fc-nuernberg.jpg\" alt=\"N\u00fcrnbergs Trainer Miroslav Klose war nach dem 1:1 bedient.\" title=\"N\u00fcrnbergs Trainer Miroslav Klose war nach dem 1:1 bedient.\" loading=\"lazy\" class=\"h-full w-full object-cover\"\/><\/p>\n<p>      Icon vergr\u00f6\u00dfern<\/p>\n<p>    N\u00fcrnbergs Trainer Miroslav Klose war nach dem 1:1 bedient.<br \/>\n    Foto: Fabian Strauch\/dpa<\/p>\n<p>        Schlie\u00dfen <\/p>\n<p>      Icon Schlie\u00dfen<\/p>\n<p>        Icon vergr\u00f6\u00dfern<\/p>\n<p>        Icon verkleinern<\/p>\n<p>      Icon Pfeil bewegen<\/p>\n<p>    N\u00fcrnbergs Trainer Miroslav Klose war nach dem 1:1 bedient.<br \/>\n    Foto: Fabian Strauch\/dpa<\/p>\n","protected":false},"excerpt":{"rendered":"V\u00f6llig enthemmt lief N\u00fcrnbergs Matchwinner Jan Reichert nach seiner finalen Glanztat mit ausgebreiteten Armen in die Fankurve. Der&hellip;\n","protected":false},"author":2,"featured_media":1255935,"comment_status":"","ping_status":"","sticky":false,"template":"","format":"standard","meta":{"footnotes":"","_share_on_mastodon":"0"},"categories":[1837],"tags":[783,772,3364,29,481,59745,145811,30,16934,1420,8900,84324,3783,6921,97643],"class_list":["post-1255934","post","type-post","status-publish","format-standard","has-post-thumbnail","category-nuernberg","tag-1-fc-nuernberg","tag-bayern","tag-de","tag-deutschland","tag-dfb","tag-elfmeterschiessen","tag-fiasko","tag-germany","tag-jan-reichert","tag-koeln","tag-miroslav-klose","tag-nervenspiel","tag-nuernberg","tag-viktoria-koeln","tag-zittersieg"],"share_on_mastodon":{"url":"https:\/\/pubeurope.com\/@de\/117146221769580648","error":""},"_links":{"self":[{"href":"https:\/\/www.europesays.com\/de\/wp-json\/wp\/v2\/posts\/1255934","targetHints":{"allow":["GET"]}}],"collection":[{"href":"https:\/\/www.europesays.com\/de\/wp-json\/wp\/v2\/posts"}],"about":[{"href":"https:\/\/www.europesays.com\/de\/wp-json\/wp\/v2\/types\/post"}],"author":[{"embeddable":true,"href":"https:\/\/www.europesays.com\/de\/wp-json\/wp\/v2\/users\/2"}],"replies":[{"embeddable":true,"href":"https:\/\/www.europesays.com\/de\/wp-json\/wp\/v2\/comments?post=1255934"}],"version-history":[{"count":0,"href":"https:\/\/www.europesays.com\/de\/wp-json\/wp\/v2\/posts\/1255934\/revisions"}],"wp:featuredmedia":[{"embeddable":true,"href":"https:\/\/www.europesays.com\/de\/wp-json\/wp\/v2\/media\/1255935"}],"wp:attachment":[{"href":"https:\/\/www.europesays.com\/de\/wp-json\/wp\/v2\/media?parent=1255934"}],"wp:term":[{"taxonomy":"category","embeddable":true,"href":"https:\/\/www.europesays.com\/de\/wp-json\/wp\/v2\/categories?post=1255934"},{"taxonomy":"post_tag","embeddable":true,"href":"https:\/\/www.europesays.com\/de\/wp-json\/wp\/v2\/tags?post=1255934"}],"curies":[{"name":"wp","href":"https:\/\/api.w.org\/{rel}","templated":true}]}}