{"id":1255974,"date":"2026-08-23T18:50:23","date_gmt":"2026-08-23T18:50:23","guid":{"rendered":"https:\/\/www.europesays.com\/de\/1255974\/"},"modified":"2026-08-23T18:50:23","modified_gmt":"2026-08-23T18:50:23","slug":"nach-fast-41-jahren-muenchner-kult-wirtin-gibt-wirtshaus-auf","status":"publish","type":"post","link":"https:\/\/www.europesays.com\/de\/1255974\/","title":{"rendered":"Nach fast 41 Jahren: M\u00fcnchner Kult-Wirtin gibt Wirtshaus auf"},"content":{"rendered":"<p>Wenn ein Mann 55 Kilometer radelt, um seiner Lieblingswirtin Servus zu sagen, dann muss sie etwas richtig gemacht haben. Die Wirtin hei\u00dft Lenka Timmermann und ihr Lokal Romina&#8217;s. &#8222;Nach 40 Jahren und zehn Monaten h\u00f6re ich jetzt auf&#8220;, sagt sie zur AZ. Der radelnde Stammgast hei\u00dft Uwe Wagner. Seit vielen Jahren kommen er und seine Spezln nach dem Kegeln zu Lenka. Obwohl Wagner inzwischen in Landsberg wohnt, radelt er immer noch regelm\u00e4\u00dfig in die Garmischer Stra\u00dfe, ratscht mit Lenka, l\u00e4sst sich ein Gulasch oder ein paar Fleischpflanzerl servieren, trinkt ein Bier dazu und macht sich wieder auf den Heimweg.<\/p>\n<p>    <img decoding=\"async\" loading=\"lazy\" src=\"https:\/\/www.europesays.com\/de\/wp-content\/uploads\/2026\/08\/1731947_8-dscf6071_artikelbild-50proz_1GyOS7_BCurQk.jpg\" alt=\"Uwe Wagner ist von Landsberg nach M\u00fcnchen geradelt, um sich von seiner Lieblingswirtin zu verabschieden.\" title=\"Uwe Wagner ist von Landsberg nach M\u00fcnchen geradelt, um sich von seiner Lieblingswirtin zu verabschieden.\" width=\"406\" height=\"609\"\/><\/p>\n<p>      Uwe Wagner ist von Landsberg nach M\u00fcnchen geradelt, um sich von seiner Lieblingswirtin zu verabschieden.<br \/>\n      \u00a9 Julius Braun<\/p>\n<p>    Uwe Wagner ist von Landsberg nach M\u00fcnchen geradelt, um sich von seiner Lieblingswirtin zu verabschieden.<\/p>\n<p>von Julius Braun <\/p>\n<p>&#8222;}&#8220;&gt; <\/p>\n<p>Lenka Timmermann f\u00e4llt der Schlussstrich nicht leicht. &#8222;Ich werde bald 74 Jahre alt und arbeite, seit ich 17 bin&#8220;, erz\u00e4hlt sie der AZ. Aber schlie\u00dflich hat sie sich doch auf die Suche nach Nachfolgern gemacht und ein passendes Paar gefunden. Milan und Desa wollen alles so lassen, wie es ist, und nur ein paar Kleinigkeiten ver\u00e4ndern, zum Beispiel die K\u00fcche ein wenig ausweiten. Lenka bietet nur kleine Speisen an. Ein Paar Wiener, Suppe, Toast Hawaii oder Schinkennudeln, auch oft Fleischpflanzerl oder Gulasch. Was hier im Mittelpunkt steht, ist das Menschliche. Die G\u00e4ste ratschen, spielen zwischendurch eine Runde Darts oder Karten. Weil&#8217;s so gem\u00fctlich ist, vertrauen sie Lenka sogar die Geheimzahlen ihrer Kreditkarten an. Dann m\u00fcssen sie zum Zahlen nicht aufstehen.<\/p>\n<p>     <img decoding=\"async\" loading=\"lazy\" src=\"https:\/\/www.europesays.com\/de\/wp-content\/uploads\/2026\/08\/1731949_4-dscf6022_artikelbild-75proz_1GyOSb_En0gO7.jpg\" alt=\"Im Sommer nehmen die G\u00e4ste im Freien Platz.\" title=\"Im Sommer nehmen die G\u00e4ste im Freien Platz.\" width=\"609\" height=\"406\"\/><\/p>\n<p>      Im Sommer nehmen die G\u00e4ste im Freien Platz.<br \/>\n      \u00a9 Julius Braun<\/p>\n<p>    Im Sommer nehmen die G\u00e4ste im Freien Platz.<\/p>\n<p>von Julius Braun <\/p>\n<p>&#8222;}&#8220;&gt; <\/p>\n<p>Lenka Timmermann hat fast ihr ganzes Leben lang in der Gastronomie gearbeitet. Das Lokal in der Garmischer Stra\u00dfe war ihr erstes eigenes. &#8222;Das ist mein erstes Kind, das ich ohne Mann in die Welt gesetzt habe&#8220;, erz\u00e4hlt sie.<\/p>\n<p>&#8222;Le jardin&#8220; hat sie es zun\u00e4chst genannt. Sie sperrte morgens um acht Uhr auf und wollte es als Mischung aus Caf\u00e9 und Bistro betreiben. Den Namen konnte kein Gast aussprechen und so hat sie es nach ihrer Tochter Romina umgetauft und auch die \u00d6ffnungszeiten nach hinten verschoben. Anfangs hatte sie noch ein Mitarbeiter-Team. Heute macht sie alles selbst: &#8222;Von Bierzapfen \u00fcber Kochen bis Kloputzen.&#8220;<\/p>\n<p>     <img decoding=\"async\" loading=\"lazy\" src=\"https:\/\/www.europesays.com\/de\/wp-content\/uploads\/2026\/08\/1731950_11-dscf6101_artikelbild-75proz_1GyOSd_vEv74y.jpg\" alt=\"Wenn sie ein paar Minuten Luft hat, setzt sich Lenka auch mal dazu.\" title=\"Wenn sie ein paar Minuten Luft hat, setzt sich Lenka auch mal dazu.\" width=\"609\" height=\"406\"\/><\/p>\n<p>      Wenn sie ein paar Minuten Luft hat, setzt sich Lenka auch mal dazu.<br \/>\n      \u00a9 Julius Braun<\/p>\n<p>    Wenn sie ein paar Minuten Luft hat, setzt sich Lenka auch mal dazu.<\/p>\n<p>von Julius Braun <\/p>\n<p>&#8222;}&#8220;&gt; <\/p>\n<p>Viele Stammg\u00e4ste der ersten Stunde sind schon gestorben. Aber einige kommen auch heute noch. Die Atmosph\u00e4re ist famili\u00e4r. Ex-Nachbarn, die aus M\u00fcnchen weggezogen sind, besuchen Lenka, wenn sie in der Stadt sind. Aber der Gro\u00dfteil der Menschen an den Tischen kommt aus der Nachbarschaft. &#8222;Schlie\u00dflich ist das hier das einzige Wohnzimmer in Sendling inklusive Bedienung&#8220;, sagt Lenka und lacht. Der Umgang mit ihren G\u00e4sten ist liebevoll. &#8222;Ich knuddle alle&#8220;, sagt sie und liefert den Beweis ein paar Minuten sp\u00e4ter. Da kommt eine Damenrunde und verabschiedet sich bei ihr mit einer sch\u00f6nen Blume.<\/p>\n<p>     <img decoding=\"async\" loading=\"lazy\" src=\"https:\/\/www.europesays.com\/de\/wp-content\/uploads\/2026\/08\/1731951_10-dscf6086_artikelbild-75proz_1GyOSg_XQYEIP.jpg\" alt=\"Die G\u00e4ste ratschen, Lenka bringt das Bier. Nicht mal zum Zahlen m\u00fcssen die Kunden aufstehen. Sie vertrauen Lenka die Geheimzahlen ihrer Kreditkarte an.\" title=\"Die G\u00e4ste ratschen, Lenka bringt das Bier. Nicht mal zum Zahlen m\u00fcssen die Kunden aufstehen. Sie vertrauen Lenka die Geheimzahlen ihrer Kreditkarte an.\" width=\"609\" height=\"406\"\/><\/p>\n<p>      Die G\u00e4ste ratschen, Lenka bringt das Bier. Nicht mal zum Zahlen m\u00fcssen die Kunden aufstehen. Sie vertrauen Lenka die Geheimzahlen ihrer Kreditkarte an.<br \/>\n      \u00a9 Julius Braun<\/p>\n<p>    Die G\u00e4ste ratschen, Lenka bringt das Bier. Nicht mal zum Zahlen m\u00fcssen die Kunden aufstehen. Sie vertrauen Lenka die Geheimzahlen ihrer Kreditkarte an.<\/p>\n<p>von Julius Braun <\/p>\n<p>&#8222;}&#8220;&gt; <\/p>\n<p>&#8222;Die kann ich gut gebrauchen&#8220;, freut sich Lenka. Denn sie und ihr Mann ziehen nach Bad T\u00f6lz. &#8222;Mein Mann wollte raus aus der Stadt und einen Garten haben&#8220;, sagt sie. Ob das ihr neues Hobby wird, kann sie noch nicht sagen. &#8222;Ich werde jetzt erst mal meinen Mann \u00e4rgern&#8220;, sagt sie. &#8222;Vor allem will ich meine Knochen ausruhen!&#8220; Die vielen Hitzetage in diesem Jahr waren anstrengend. Am Donnerstag ist ihr letzter Arbeitstag. Bis dahin macht sie weiter wie gehabt. Eine Geburtstagsfeier findet noch statt und die Stammtische kommen wie gehabt. Vielleicht wird sie ihre G\u00e4ste ein bisschen fester knuddeln als sonst.<\/p>\n<p>    <img decoding=\"async\" loading=\"lazy\" src=\"https:\/\/www.europesays.com\/de\/wp-content\/uploads\/2026\/08\/1731952_21-dscf6186_artikelbild-50proz_1GyOSh_5RQLi6.jpg\" alt=\"Zum Abschied gibt's das ein oder andere Schnapserl. Vielleicht g\u00f6nnt sich die Wirtin an ihrem letzen Tag auch einmal selbst eins.\" title=\"Zum Abschied gibt's das ein oder andere Schnapserl. Vielleicht g\u00f6nnt sich die Wirtin an ihrem letzen Tag auch einmal selbst eins.\" width=\"406\" height=\"609\"\/><\/p>\n<p>      Zum Abschied gibt&#8217;s das ein oder andere Schnapserl. Vielleicht g\u00f6nnt sich die Wirtin an ihrem letzen Tag auch einmal selbst eins.<br \/>\n      \u00a9 Julius Braun<\/p>\n<p>    Zum Abschied gibt&#8217;s das ein oder andere Schnapserl. Vielleicht g\u00f6nnt sich die Wirtin an ihrem letzen Tag auch einmal selbst eins.<\/p>\n<p>von Julius Braun <\/p>\n<p>&#8222;}&#8220;&gt; <\/p>\n<p>Hinter der Theke ist sie in ihrem Element. Wer sie so sieht, kann sich kaum vorstellen, dass sie in Zukunft nur noch als Gast ins Romina&#8217;s kommen wird. Die AZ w\u00fcnscht ihr, dass ihre Nachfolger sie herzlich umsorgen, wie sie selbst es ihr Leben lang gemacht hat.<\/p>\n<p>Garmischer Str. 236 <br \/>Die gro\u00dfe Abschiedsfeier steigt am 27.8. <br \/>Nach einer kleinen Pause wollen die neuen Betreiber schon kurz darauf wiederer\u00f6ffnen.<\/p>\n","protected":false},"excerpt":{"rendered":"Wenn ein Mann 55 Kilometer radelt, um seiner Lieblingswirtin Servus zu sagen, dann muss sie etwas richtig gemacht&hellip;\n","protected":false},"author":2,"featured_media":1255975,"comment_status":"","ping_status":"","sticky":false,"template":"","format":"standard","meta":{"footnotes":"","_share_on_mastodon":"0"},"categories":[1827],"tags":[4594,772,29,30,15554,4060,1268,259779],"class_list":["post-1255974","post","type-post","status-publish","format-standard","has-post-thumbnail","category-muenchen","tag-bar","tag-bayern","tag-deutschland","tag-germany","tag-kneipe","tag-lokal","tag-muenchen","tag-romina"],"share_on_mastodon":{"url":"https:\/\/pubeurope.com\/@de\/117146332711345650","error":""},"_links":{"self":[{"href":"https:\/\/www.europesays.com\/de\/wp-json\/wp\/v2\/posts\/1255974","targetHints":{"allow":["GET"]}}],"collection":[{"href":"https:\/\/www.europesays.com\/de\/wp-json\/wp\/v2\/posts"}],"about":[{"href":"https:\/\/www.europesays.com\/de\/wp-json\/wp\/v2\/types\/post"}],"author":[{"embeddable":true,"href":"https:\/\/www.europesays.com\/de\/wp-json\/wp\/v2\/users\/2"}],"replies":[{"embeddable":true,"href":"https:\/\/www.europesays.com\/de\/wp-json\/wp\/v2\/comments?post=1255974"}],"version-history":[{"count":0,"href":"https:\/\/www.europesays.com\/de\/wp-json\/wp\/v2\/posts\/1255974\/revisions"}],"wp:featuredmedia":[{"embeddable":true,"href":"https:\/\/www.europesays.com\/de\/wp-json\/wp\/v2\/media\/1255975"}],"wp:attachment":[{"href":"https:\/\/www.europesays.com\/de\/wp-json\/wp\/v2\/media?parent=1255974"}],"wp:term":[{"taxonomy":"category","embeddable":true,"href":"https:\/\/www.europesays.com\/de\/wp-json\/wp\/v2\/categories?post=1255974"},{"taxonomy":"post_tag","embeddable":true,"href":"https:\/\/www.europesays.com\/de\/wp-json\/wp\/v2\/tags?post=1255974"}],"curies":[{"name":"wp","href":"https:\/\/api.w.org\/{rel}","templated":true}]}}