{"id":1256095,"date":"2026-08-23T20:14:21","date_gmt":"2026-08-23T20:14:21","guid":{"rendered":"https:\/\/www.europesays.com\/de\/1256095\/"},"modified":"2026-08-23T20:14:21","modified_gmt":"2026-08-23T20:14:21","slug":"leipziger-mietspiegel-stadt-bietet-grossvermietern-digitales-verfahren-an-%c2%b7-leipziger-zeitung","status":"publish","type":"post","link":"https:\/\/www.europesays.com\/de\/1256095\/","title":{"rendered":"Leipziger Mietspiegel: Stadt bietet Gro\u00dfvermietern digitales Verfahren an \u00b7 Leipziger Zeitung"},"content":{"rendered":"<p class=\"wp-block-paragraph\">Im Herbst startet die Stadt mit der Befragung zum Mietspiegel 2027 \u2013 2029. Sowohl Mieterinnen als auch Vermieter werden daf\u00fcr angeschrieben. Da Eigent\u00fcmerinnen zu jeder ihrer Wohnungen befragt werden, bietet die Stadt Leipzig Vermietern mit einem gro\u00dfen Wohnungsbestand jetzt an, an einer strukturierten Vermieterbefragung teilzunehmen: Dabei k\u00f6nnen die Daten der betroffenen Wohnungen geb\u00fcndelt und digital \u00fcbermittelt werden. Vermieterinnen und Eigent\u00fcmer beziehungsweise die Hausverwaltungen k\u00f6nnen ihr Interesse an dieser Befragungsform noch bis zum 31. August per E-Mail an <a href=\"https:\/\/www.l-iz.de\/melder\/wortmelder\/2026\/08\/mailto:mietspiegel@leipzig.de\" target=\"_blank\" rel=\"noreferrer noopener nofollow\">mietspiegel@leipzig.de<\/a> anzeigen.\u00a0<\/p>\n<p class=\"wp-block-paragraph\">Alternativ dazu m\u00fcssten sie jeweils einzelne Frageb\u00f6gen zu den Wohnungen ausf\u00fcllen. Abgefragt werden unter anderem die Gr\u00f6\u00dfe und Ausstattung der Wohnungen. Die Teilnahme an der Mietspiegelerhebung ist gesetzlich vorgeschrieben (Auskunftspflicht gem\u00e4\u00df Art. 238 \u00a7 2 EGBGB).\u00a0<\/p>\n<p class=\"wp-block-paragraph\">Voraussichtlich Ende September findet zur strukturierten Vermieterbefragung eine Informationsveranstaltung online statt, bei der Mitarbeiter des Sozialamts die praktische Vorgehensweise erl\u00e4utern und Fragen beantworten. Alle teilnehmenden Vermieterinnen werden per E-Mail \u00fcber den Termin informiert und eingeladen.<\/p>\n<p class=\"wp-block-paragraph\">Um den Mietspiegel an die aktuelle Marktsituation anzupassen und um auf Ver\u00e4nderungen auf dem Wohnungsmarkt reagieren zu k\u00f6nnen, f\u00fchrt die Stadt Leipzig die Erhebung alle zwei Jahre durch. Die Stichprobe umfasst in diesem Jahr rund 6.200 Haushalte in Wohnungen sowie in Ein- und Zweifamilienh\u00e4usern. Erhebungsstichtag ist dabei der 1. Oktober 2026. Ab Ende September erhalten alle von der Auskunftspflicht betroffenen Personen ein Schreiben, das alle notwendigen Informationen zur Befragung enth\u00e4lt.<\/p>\n","protected":false},"excerpt":{"rendered":"Im Herbst startet die Stadt mit der Befragung zum Mietspiegel 2027 \u2013 2029. Sowohl Mieterinnen als auch Vermieter&hellip;\n","protected":false},"author":2,"featured_media":1212514,"comment_status":"","ping_status":"","sticky":false,"template":"","format":"standard","meta":{"footnotes":"","_share_on_mastodon":"0"},"categories":[1832],"tags":[14884,3364,29,1081,30,71,19224,859],"class_list":["post-1256095","post","type-post","status-publish","format-standard","has-post-thumbnail","category-leipzig","tag-befragung","tag-de","tag-deutschland","tag-digitalisierung","tag-germany","tag-leipzig","tag-mietspiegel","tag-sachsen"],"share_on_mastodon":{"url":"","error":""},"_links":{"self":[{"href":"https:\/\/www.europesays.com\/de\/wp-json\/wp\/v2\/posts\/1256095","targetHints":{"allow":["GET"]}}],"collection":[{"href":"https:\/\/www.europesays.com\/de\/wp-json\/wp\/v2\/posts"}],"about":[{"href":"https:\/\/www.europesays.com\/de\/wp-json\/wp\/v2\/types\/post"}],"author":[{"embeddable":true,"href":"https:\/\/www.europesays.com\/de\/wp-json\/wp\/v2\/users\/2"}],"replies":[{"embeddable":true,"href":"https:\/\/www.europesays.com\/de\/wp-json\/wp\/v2\/comments?post=1256095"}],"version-history":[{"count":0,"href":"https:\/\/www.europesays.com\/de\/wp-json\/wp\/v2\/posts\/1256095\/revisions"}],"wp:featuredmedia":[{"embeddable":true,"href":"https:\/\/www.europesays.com\/de\/wp-json\/wp\/v2\/media\/1212514"}],"wp:attachment":[{"href":"https:\/\/www.europesays.com\/de\/wp-json\/wp\/v2\/media?parent=1256095"}],"wp:term":[{"taxonomy":"category","embeddable":true,"href":"https:\/\/www.europesays.com\/de\/wp-json\/wp\/v2\/categories?post=1256095"},{"taxonomy":"post_tag","embeddable":true,"href":"https:\/\/www.europesays.com\/de\/wp-json\/wp\/v2\/tags?post=1256095"}],"curies":[{"name":"wp","href":"https:\/\/api.w.org\/{rel}","templated":true}]}}