{"id":1256244,"date":"2026-08-23T22:01:32","date_gmt":"2026-08-23T22:01:32","guid":{"rendered":"https:\/\/www.europesays.com\/de\/1256244\/"},"modified":"2026-08-23T22:01:32","modified_gmt":"2026-08-23T22:01:32","slug":"frauenfussball-rall-schiesst-vfb-stuttgart-zum-sieg-in-hoffenheim","status":"publish","type":"post","link":"https:\/\/www.europesays.com\/de\/1256244\/","title":{"rendered":"Frauenfu\u00dfball: Rall schie\u00dft VfB Stuttgart zum Sieg in Hoffenheim"},"content":{"rendered":"<p>Start der Frauen-Bundesliga <\/p>\n<p>Ex-DFB-Profi schie\u00dft Stuttgart zu historischem Sieg<\/p>\n<p>23.08.2026 &#8211; 16:50 UhrLesedauer: 1 Min.<\/p>\n<p><a href=\"#focus-0\" class=\"transition-colors block text-current relative\" data-sctrack=\"FocusGalleryImage.Reference\"><img fetchpriority=\"high\" data-testid=\"Opener.Image\"   loading=\"eager\" src=\"https:\/\/www.europesays.com\/de\/wp-content\/uploads\/2026\/08\/ger-sinsheim-tsg-hoffenheim-vs-vfb-stuttgart-google-pixel-frauen-bundesliga-fussball-dfb-spielzeit-2.jpeg\" alt=\"imago images 1081788446\" title=\"imago images 1081788446\" width=\"7993\" height=\"4496\" class=\"bg-[url:var(--lqipURL)] bg-cover bg-center flex h-full w-full max-w-full\" style=\"--lqipURL:url('https:\/\/images.t-online.de\/2026\/08\/ia8yQ44d-SfR\/0x589:7993x4496\/fit-in\/150x0\/filters:blur(25)\/ger-sinsheim-tsg-hoffenheim-vs-vfb-stuttgart-google-pixel-frauen-bundesliga-fussball-dfb-spielzeit-2026-2027-1-spieltag-im-bild-maximiliane-rall-vfb-stuttgart-frauen-8-erzielt-das-tor-zum-1-1-tor-jubel-und-freude-emotionen-dfb-dfl-regulations-prohibit-any-use-of-photographs-as-image-sequences-and-or-quasi-video-23-082026-ger-sinsheim-tsg-hoffenheim-vs-vfb-stuttgart-google-pixel-women-s-bundesliga-soccer-dfb-2026-2027-season-matchday-1-in-pictures-maximiliane-rall-vfb-stuttgart.jpg')\" decoding=\"async\"\/><img loading=\"lazy\" src=\"https:\/\/www.t-online.de\/s\/paper\/_next\/static\/media\/zoom-in.f7dae02f.svg\" alt=\"Vergr\u00f6\u00dfern des Bildes\" title=\"Vergr\u00f6\u00dfern des Bildes\" class=\"block h-[calc(var(--height)_\/_16_*_1rem)] w-[calc(var(--width)_\/_16_*_1rem)] max-w-none absolute right-8 bottom-8 rounded-4 bg-snow p-8\" style=\"--width:32;--height:32\" decoding=\"async\"\/><\/a><\/p>\n<p>Maximiliane Rall: Die VfB-Kapit\u00e4nin schreit ihre Freude heraus. (Quelle: IMAGO\/Hendrik Hamelau\/imago)<\/p>\n<p class=\"font-bold text-18 leading-17 user-text-lg:text-22 user-text-xl:text-24\">Die Aufsteigerinnen aus Stuttgart starten mit einem historischen Erfolg in ihr erstes Bundesliga-Abenteuer. Beide Treffer erzielt eine Ex-Nationalspielerin.<\/p>\n<p class=\"text-18 leading-17 user-text-lg:text-22 user-text-xl:text-24\">Mit einem Doppelpack hat die neunmalige deutsche Nationalspielerin Maximiliane Rall den <a href=\"https:\/\/www.t-online.de\/themen\/vfb-stuttgart\/\" class=\"transition-colors cursor-pointer no-underline md:hover:text-magenta md:focus:text-magenta border-b border-solid border-current text-salemsfur md:hover:border-magenta\" data-tracking=\"{&quot;action&quot;:&quot;click&quot;,&quot;category&quot;:&quot;intextLink&quot;,&quot;label&quot;:&quot;\/themen\/vfb-stuttgart\/&quot;}\" data-sctrack=\"BodyAnchor\" rel=\"nofollow noopener\" target=\"_blank\">VfB Stuttgart<\/a> zum Auftaktsieg in der Frauen-Bundesliga gef\u00fchrt. Die Aufsteigerinnen bezwangen am Sonntag die <a href=\"https:\/\/www.t-online.de\/themen\/tsg-1899-hoffenheim\/\" class=\"transition-colors cursor-pointer no-underline md:hover:text-magenta md:focus:text-magenta border-b border-solid border-current text-salemsfur md:hover:border-magenta\" data-tracking=\"{&quot;action&quot;:&quot;click&quot;,&quot;category&quot;:&quot;intextLink&quot;,&quot;label&quot;:&quot;\/themen\/tsg-1899-hoffenheim\/&quot;}\" data-sctrack=\"BodyAnchor\" rel=\"nofollow noopener\" target=\"_blank\">TSG Hoffenheim<\/a> mit 2:1 und feierten damit einen historischen Erfolg. Es war der erste Bundesliga-Sieg f\u00fcr Stuttgart \u2013 im allerersten Spiel im deutschen Oberhaus.<\/p>\n<p class=\"text-18 leading-17 user-text-lg:text-22 user-text-xl:text-24\">Kapit\u00e4nin Rall traf kurz vor und kurz nach der Pause (45. und 46. Minute) und sorgte damit nach einem R\u00fcckstand f\u00fcr die Wende. Zuvor hatte Marie Steiner Hoffenheim in der 37. Minute in F\u00fchrung gebracht. Dem Tabellenvierten der vergangenen Saison reichte der Treffer aber nicht f\u00fcr einen Punktgewinn.<\/p>\n<p class=\"text-18 leading-17 user-text-lg:text-22 user-text-xl:text-24\">Das erste Heimspiel bestreiten die Stuttgarterinnen am kommenden Samstag um 14 Uhr gegen den Hamburger SV. Dann kann die Elf von Trainer Nico Schneck mit einem weiteren Sieg in der Tabelle direkt nachlegen. Hoffenheim tritt bereits am Freitag (18.30 Uhr) beim <a href=\"https:\/\/www.t-online.de\/themen\/1-fc-koeln\/\" class=\"transition-colors cursor-pointer no-underline md:hover:text-magenta md:focus:text-magenta border-b border-solid border-current text-salemsfur md:hover:border-magenta\" data-tracking=\"{&quot;action&quot;:&quot;click&quot;,&quot;category&quot;:&quot;intextLink&quot;,&quot;label&quot;:&quot;\/themen\/1-fc-koeln\/&quot;}\" data-sctrack=\"BodyAnchor\" rel=\"nofollow noopener\" target=\"_blank\">1. FC K\u00f6ln<\/a> an.<\/p>\n","protected":false},"excerpt":{"rendered":"Start der Frauen-Bundesliga Ex-DFB-Profi schie\u00dft Stuttgart zu historischem Sieg 23.08.2026 &#8211; 16:50 UhrLesedauer: 1 Min. Maximiliane Rall: Die&hellip;\n","protected":false},"author":2,"featured_media":1256245,"comment_status":"","ping_status":"","sticky":false,"template":"","format":"standard","meta":{"footnotes":"","_share_on_mastodon":"0"},"categories":[1830],"tags":[722,17161,1634,3364,29,481,24476,30,8844,259832,1441,968,2915],"class_list":["post-1256244","post","type-post","status-publish","format-standard","has-post-thumbnail","category-stuttgart","tag-722","tag-17161","tag-baden-wuerttemberg","tag-de","tag-deutschland","tag-dfb","tag-doppelpack","tag-germany","tag-hoffenheim","tag-maximiliane-rall","tag-stuttgart","tag-tsg-1899-hoffenheim","tag-vfb-stuttgart"],"share_on_mastodon":{"url":"https:\/\/pubeurope.com\/@de\/117147083202746907","error":""},"_links":{"self":[{"href":"https:\/\/www.europesays.com\/de\/wp-json\/wp\/v2\/posts\/1256244","targetHints":{"allow":["GET"]}}],"collection":[{"href":"https:\/\/www.europesays.com\/de\/wp-json\/wp\/v2\/posts"}],"about":[{"href":"https:\/\/www.europesays.com\/de\/wp-json\/wp\/v2\/types\/post"}],"author":[{"embeddable":true,"href":"https:\/\/www.europesays.com\/de\/wp-json\/wp\/v2\/users\/2"}],"replies":[{"embeddable":true,"href":"https:\/\/www.europesays.com\/de\/wp-json\/wp\/v2\/comments?post=1256244"}],"version-history":[{"count":0,"href":"https:\/\/www.europesays.com\/de\/wp-json\/wp\/v2\/posts\/1256244\/revisions"}],"wp:featuredmedia":[{"embeddable":true,"href":"https:\/\/www.europesays.com\/de\/wp-json\/wp\/v2\/media\/1256245"}],"wp:attachment":[{"href":"https:\/\/www.europesays.com\/de\/wp-json\/wp\/v2\/media?parent=1256244"}],"wp:term":[{"taxonomy":"category","embeddable":true,"href":"https:\/\/www.europesays.com\/de\/wp-json\/wp\/v2\/categories?post=1256244"},{"taxonomy":"post_tag","embeddable":true,"href":"https:\/\/www.europesays.com\/de\/wp-json\/wp\/v2\/tags?post=1256244"}],"curies":[{"name":"wp","href":"https:\/\/api.w.org\/{rel}","templated":true}]}}