{"id":1256258,"date":"2026-08-23T22:09:24","date_gmt":"2026-08-23T22:09:24","guid":{"rendered":"https:\/\/www.europesays.com\/de\/1256258\/"},"modified":"2026-08-23T22:09:24","modified_gmt":"2026-08-23T22:09:24","slug":"zwei-deutsche-bei-flugzeugabsturz-in-kroatien-getoetet","status":"publish","type":"post","link":"https:\/\/www.europesays.com\/de\/1256258\/","title":{"rendered":"Zwei Deutsche bei Flugzeugabsturz in Kroatien get\u00f6tet"},"content":{"rendered":"<p>&#13;<br \/>\n            Zadar. Beim Absturz eines Kleinflugzeugs im kroatischen Velebit-Gebirge sind zwei Mitglieder einer Hamburger Fluggemeinschaft ums Leben gekommen. Die beiden seien auf dem Flug von Tschechien ins kroatische Zadar verungl\u00fcckt, teilte die Airbus HFB-Fluggemeinschaft auf ihrer Homepage mit. <\/p>\n<p>          &#13;<br \/>\n            20 Jahre alter Motorsegler <\/p>\n<p>\u201eUnsere Gedanken sind bei den Familien, Angeh\u00f6rigen und Freunden unserer verstorbenen Vereinsmitglieder\u201c, erkl\u00e4rte der Vereinsvorstand. Nach Angaben der Fluggemeinschaft handelte sich bei dem Flugger\u00e4t um einen 20 Jahre alten zweisitzigen Motorsegler vom Typ Super Dimona HK36TC-100.  <\/p>\n<p>Zuvor hatte bereits das Ausw\u00e4rtige Amt auf Anfrage best\u00e4tigt, dass die beiden verungl\u00fcckten Personen Deutsche sind. \u201eUnsere Kolleginnen und Kollegen der Deutschen Botschaft Zagreb unterst\u00fctzen konsularisch und stehen mit den Beh\u00f6rden vor Ort in Kontakt\u201c, hie\u00df es aus Berlin. <\/p>\n<p>Lesen Sie auch<\/p>\n<p>  &#13;<\/p>\n<p>          &#13;<br \/>\n            <a href=\"https:\/\/www.tageblatt.de\/Lokales\/Pilot-stuerzt-im-Nachbarkreis-ab-Rettungsschirm-versagt-755430.html\" rel=\"nofollow noopener\" target=\"_blank\">&#13;<br \/>\n              <img decoding=\"async\" class=\"img-responsive wcms-image-layout\"   src=\"https:\/\/www.europesays.com\/de\/wp-content\/uploads\/2026\/08\/Das-Ultraleichtflugzeug-ist-aus-bisher-unbekannter-Ursache-1350735m.jpg\" loading=\"lazy\" title=\"Pilot st\u00fcrzt im Nachbarkreis ab \u2013 Rettungsschirm versagt\" alt=\"Das Ultraleichtflugzeug ist aus bisher unbekannter Ursache verungl\u00fcckt.\" style=\"object-position:61.372553335631131688% 54.812933331288171246%;\"\/>&#13;<br \/>\n            <\/a>&#13;<\/p>\n<p>    &#13;<\/p>\n<p>  &#13;<\/p>\n<p>          &#13;<br \/>\n            <a href=\"https:\/\/www.tageblatt.de\/Nachrichten\/Sieben-Verletzte-bei-Autounfall-in-Aurich-764819.html\" rel=\"nofollow noopener\" target=\"_blank\">&#13;<br \/>\n              <img decoding=\"async\" class=\"img-responsive wcms-image-layout\"   src=\"https:\/\/www.europesays.com\/de\/wp-content\/uploads\/2026\/08\/Ein-Fuenfjaehriger-wird-nach-einem-Autounfall-in-Aurich-in-1380788m.jpg\" loading=\"lazy\" title=\"Sieben Verletzte bei Autounfall in Aurich \u2013 Kind (4) schwer verletzt\" alt=\"Ein F\u00fcnfj\u00e4hriger wird nach einem Autounfall in Aurich in ein Krankenhaus geflogen. (Symbolbild)\" style=\"object-position:60.723009281875917509% 42.224152910512600556%;\"\/>&#13;<br \/>\n            <\/a>&#13;<\/p>\n<p>    &#13;<\/p>\n<p>  &#13;<\/p>\n<p>          &#13;<br \/>\n            <a href=\"https:\/\/www.tageblatt.de\/Nachrichten\/Gefangenentransport-in-Unfall-verwickelt-764746.html\" rel=\"nofollow noopener\" target=\"_blank\">&#13;<br \/>\n              <img decoding=\"async\" class=\"img-responsive wcms-image-layout\"   src=\"https:\/\/www.europesays.com\/de\/wp-content\/uploads\/2026\/08\/Ein-Gefangenentransporter-der-Polizei-ist-nach-einem-Unfall-1380564m.jpg\" loading=\"lazy\" title=\"Gefangenentransporter in Hamburg in Unfall verwickelt\" alt=\"Ein Gefangenentransporter der Polizei ist nach einem Unfall in Hamburg seitlich gegen eine Ampelanlage gekippt.\" style=\"object-position:59.941377625793847983% 51.433536055603823911%;\"\/>&#13;<br \/>\n            <\/a>&#13;<\/p>\n<p>    &#13;<\/p>\n<p> Opfer sollen im Seniorenalter gewesen sein <\/p>\n<p>N\u00e4here Angaben zu Alter oder Geschlecht der beiden Opfer machten die Beh\u00f6rden nicht. Einem unbest\u00e4tigten Bericht des Portals \u201ejutarnji.hr\u201c zufolge soll es sich um einen Mann und eine Frau im Seniorenalter gehandelt haben, wobei der Mann das Flugzeug gesteuert haben soll.  <\/p>\n<p>Der Reisemotorsegler war am Freitag um 16.14 Uhr im Gebiet des Nationalparks Paklenica im Velebit-Gebirge abgest\u00fcrzt, wie die kroatische Nachrichtenagentur Hina unter Berufung auf die staatliche Agentur f\u00fcr Luftfahrt-, See- und Eisenbahnunf\u00e4lle (AIN) am Samstagabend berichtete. Die Ursachen des Ungl\u00fccks w\u00fcrden noch untersucht, hie\u00df es weiter. <\/p>\n<p>Leichen wurden erst nach langer Suche gefunden <\/p>\n<p>Die Tr\u00fcmmer und die Leichen der Opfer konnten erst nach langer Suche in unwegsamen Gel\u00e4nde gefunden werden, teilte die kroatische Polizei mit. Daran seien Zivilschutz, Feuerwehren und Bergrettung beteiligt gewesen. AIN zufolge war der Motorsegler auf dem Weg von der tschechischen Stadt Olomuc nach Zadar gewesen. <\/p>\n","protected":false},"excerpt":{"rendered":"&#13; Zadar. Beim Absturz eines Kleinflugzeugs im kroatischen Velebit-Gebirge sind zwei Mitglieder einer Hamburger Fluggemeinschaft ums Leben gekommen.&hellip;\n","protected":false},"author":2,"featured_media":1256259,"comment_status":"","ping_status":"","sticky":false,"template":"","format":"standard","meta":{"footnotes":"","_share_on_mastodon":"0"},"categories":[1826],"tags":[29,30,692,3844,6760,12475,15617],"class_list":["post-1256258","post","type-post","status-publish","format-standard","has-post-thumbnail","category-hamburg","tag-deutschland","tag-germany","tag-hamburg","tag-kroatien","tag-luftverkehr","tag-tschechien","tag-unflle"],"share_on_mastodon":{"url":"","error":""},"_links":{"self":[{"href":"https:\/\/www.europesays.com\/de\/wp-json\/wp\/v2\/posts\/1256258","targetHints":{"allow":["GET"]}}],"collection":[{"href":"https:\/\/www.europesays.com\/de\/wp-json\/wp\/v2\/posts"}],"about":[{"href":"https:\/\/www.europesays.com\/de\/wp-json\/wp\/v2\/types\/post"}],"author":[{"embeddable":true,"href":"https:\/\/www.europesays.com\/de\/wp-json\/wp\/v2\/users\/2"}],"replies":[{"embeddable":true,"href":"https:\/\/www.europesays.com\/de\/wp-json\/wp\/v2\/comments?post=1256258"}],"version-history":[{"count":0,"href":"https:\/\/www.europesays.com\/de\/wp-json\/wp\/v2\/posts\/1256258\/revisions"}],"wp:featuredmedia":[{"embeddable":true,"href":"https:\/\/www.europesays.com\/de\/wp-json\/wp\/v2\/media\/1256259"}],"wp:attachment":[{"href":"https:\/\/www.europesays.com\/de\/wp-json\/wp\/v2\/media?parent=1256258"}],"wp:term":[{"taxonomy":"category","embeddable":true,"href":"https:\/\/www.europesays.com\/de\/wp-json\/wp\/v2\/categories?post=1256258"},{"taxonomy":"post_tag","embeddable":true,"href":"https:\/\/www.europesays.com\/de\/wp-json\/wp\/v2\/tags?post=1256258"}],"curies":[{"name":"wp","href":"https:\/\/api.w.org\/{rel}","templated":true}]}}