{"id":1256323,"date":"2026-08-23T22:54:11","date_gmt":"2026-08-23T22:54:11","guid":{"rendered":"https:\/\/www.europesays.com\/de\/1256323\/"},"modified":"2026-08-23T22:54:11","modified_gmt":"2026-08-23T22:54:11","slug":"mobile-blitzer-in-bielefeld-auf-diesen-28-strassen-muessen-sie-aufpassen","status":"publish","type":"post","link":"https:\/\/www.europesays.com\/de\/1256323\/","title":{"rendered":"Mobile Blitzer in Bielefeld: Auf diesen 28 Stra\u00dfen m\u00fcssen Sie aufpassen"},"content":{"rendered":"<p id=\"absatz1\" class=\"em_text\" data-end=\"142\" data-start=\"0\">Bielefeld. Von Montag bis Sonntag, 24. bis 30. August 2026, plant das Ordnungsamt der Stadt Bielefeld mobile Geschwindigkeitsmessungen in folgenden Stra\u00dfen:<\/p>\n<p>An diesen zwei Hauptverkehrsstra\u00dfen in Bielefeld wird geblitzt<\/p>\n<ul>\n<li>Eckendorfer Stra\u00dfe<\/li>\n<li>Herforder Stra\u00dfe<\/li>\n<\/ul>\n<p>An diesen weiteren 26 Stra\u00dfen in Bielefeld wird zudem geblitzt<\/p>\n<ul>\n<li>Am Brodhagen<\/li>\n<li>Am Speksel<\/li>\n<li>Am Stadion<\/li>\n<li>Auf dem Langen Kampe<\/li>\n<li>Babenhauser Stra\u00dfe<\/li>\n<li>Dingerdisser Heide<\/li>\n<li>Donauschwabenstra\u00dfe<\/li>\n<li>D\u00fcrerstra\u00dfe<\/li>\n<li>Feuerbachweg<\/li>\n<li>Hafnerweg<\/li>\n<li>Heidbrede<\/li>\n<li>Herderstra\u00dfe<\/li>\n<li>Hermannstra\u00dfe<\/li>\n<li>Hohes Feld<\/li>\n<li>Im Bergsiek<\/li>\n<li>Orchideenstra\u00dfe<\/li>\n<li>Rappoldstra\u00dfe<\/li>\n<li>Sprungbachstra\u00dfe<\/li>\n<li>Sternstra\u00dfe<\/li>\n<li>Stieghorster Stra\u00dfe<\/li>\n<li>Telgenbrink<\/li>\n<li>Teutoburger Stra\u00dfe<\/li>\n<li>Torfstichweg<\/li>\n<li>Umlostra\u00dfe<\/li>\n<li>Weststra\u00dfe<\/li>\n<li>Ziegelstra\u00dfe<\/li>\n<\/ul>\n<p>\n        \u00d7\n    <\/p>\n<p>\n            Sie erhalten in wenigen Minuten eine E-Mail zur Best\u00e4tigung Ihrer Anmeldung.\n        <\/p>\n<p>Erst danach ist diese abgeschlossen.<\/p>\n<p>Bitte pr\u00fcfen Sie auch den Spam-Ordner.<\/p>\n<p>\n        \u00d7\n    <\/p>\n<p>\n            Sie haben bisher Ihre E-Mail-Adresse noch nicht best\u00e4tigt.\n        <\/p>\n<p>Erst danach ist diese abgeschlossen.<\/p>\n<p>Bitte pr\u00fcfen Sie auch den Spam-Ordner.<\/p>\n<p>\n        \u00d7\n    <\/p>\n<p>\n            Es ist einen Fehler aufgetreten\n        <\/p>\n<p>Bei Fragen hilft unser Newsletter-Support<\/p>\n<p> Newsletter<\/p>\n<p> Aus Bielefeld<\/p>\n<p>W\u00f6chentliche News direkt aus der Redaktion Bielefeld.<\/p>\n<p>                Jetzt anmelden<\/p>\n<p class=\"em_text\">\u00c4nderungen und kurzfristige Anpassungen sind m\u00f6glich. Zudem ist im gesamten Stadtgebiet mit weiteren Messungen zu rechnen, die der Verkehrssicherheit dienen und unangepasstes Tempo eind\u00e4mmen sollen.<\/p>\n<p id=\"absatz6\"><b class=\"bold\">Lesen Sie auch:<\/b> <a href=\"https:\/\/www.nw.de\/lokal\/bielefeld\/mitte\/24078322_Hochmoderne-Blitzersaeulen-in-Bielefeld-Das-sind-die-Standorte-im-Ueberblick.html\" rel=\"nofollow noopener\" target=\"_blank\">Hochmoderne Blitzers\u00e4ulen in Bielefeld: Das sind die Standorte im \u00dcberblick<\/a><\/p>\n<p>Feste Blitzer-Standorte in Bielefeld im \u00dcberblick<\/p>\n<p> Geschwindigkeitsverst\u00f6\u00dfe: Strafen f\u00fcr Tempos\u00fcnder<\/p>\n<p id=\"absatz7\" class=\"em_text\">\n","protected":false},"excerpt":{"rendered":"Bielefeld. Von Montag bis Sonntag, 24. bis 30. August 2026, plant das Ordnungsamt der Stadt Bielefeld mobile Geschwindigkeitsmessungen&hellip;\n","protected":false},"author":2,"featured_media":1256324,"comment_status":"","ping_status":"","sticky":false,"template":"","format":"standard","meta":{"footnotes":"","_share_on_mastodon":"0"},"categories":[1841],"tags":[9147,6027,1605,3364,29,30,63512,729,9310,1608,198079,736,26093,1613,1209],"class_list":["post-1256323","post","type-post","status-publish","format-standard","has-post-thumbnail","category-bielefeld","tag-blitzer","tag-ordnungsamt","tag-bielefeld","tag-de","tag-deutschland","tag-germany","tag-hauptverkehrsstrasse","tag-label_s-50","tag-label_social","tag-label_top-news","tag-meta_artikelklasse_seo","tag-meta_copyrights_nw","tag-meta_themen_verkehr_mobilitaet","tag-meta_userneeds_informieremich","tag-nordrhein-westfalen"],"share_on_mastodon":{"url":"https:\/\/pubeurope.com\/@de\/117147288666315222","error":""},"_links":{"self":[{"href":"https:\/\/www.europesays.com\/de\/wp-json\/wp\/v2\/posts\/1256323","targetHints":{"allow":["GET"]}}],"collection":[{"href":"https:\/\/www.europesays.com\/de\/wp-json\/wp\/v2\/posts"}],"about":[{"href":"https:\/\/www.europesays.com\/de\/wp-json\/wp\/v2\/types\/post"}],"author":[{"embeddable":true,"href":"https:\/\/www.europesays.com\/de\/wp-json\/wp\/v2\/users\/2"}],"replies":[{"embeddable":true,"href":"https:\/\/www.europesays.com\/de\/wp-json\/wp\/v2\/comments?post=1256323"}],"version-history":[{"count":0,"href":"https:\/\/www.europesays.com\/de\/wp-json\/wp\/v2\/posts\/1256323\/revisions"}],"wp:featuredmedia":[{"embeddable":true,"href":"https:\/\/www.europesays.com\/de\/wp-json\/wp\/v2\/media\/1256324"}],"wp:attachment":[{"href":"https:\/\/www.europesays.com\/de\/wp-json\/wp\/v2\/media?parent=1256323"}],"wp:term":[{"taxonomy":"category","embeddable":true,"href":"https:\/\/www.europesays.com\/de\/wp-json\/wp\/v2\/categories?post=1256323"},{"taxonomy":"post_tag","embeddable":true,"href":"https:\/\/www.europesays.com\/de\/wp-json\/wp\/v2\/tags?post=1256323"}],"curies":[{"name":"wp","href":"https:\/\/api.w.org\/{rel}","templated":true}]}}