{"id":1256411,"date":"2026-08-24T00:00:19","date_gmt":"2026-08-24T00:00:19","guid":{"rendered":"https:\/\/www.europesays.com\/de\/1256411\/"},"modified":"2026-08-24T00:00:19","modified_gmt":"2026-08-24T00:00:19","slug":"aktion-von-nolympia-berlin-naturwiese-statt-plastikrasen-kein-olympia-in-berlin-naturfreunde-deutschlands","status":"publish","type":"post","link":"https:\/\/www.europesays.com\/de\/1256411\/","title":{"rendered":"Aktion von NOlympia Berlin: Naturwiese statt Plastikrasen \u2013 kein Olympia in Berlin! | NaturFreunde Deutschlands"},"content":{"rendered":"<p>Das B\u00fcndnis NOlympia Berlin macht heute, anl\u00e4sslich des Besuchs des Berliner Senats im Jahn-Sportpark eine kleine Aktion. Unter dem Motto &#8220; Naturwiese statt Plastikrasen \u2013 kein Olympia in Berlin!&#8220; verbinden wir die aktuelle Diskussion \u00fcber den Jahn-Sportpark, in dem die bisherige Naturwiese durch einen Plastikrasen ersetzt werden soll, mit unserer Forderung gegen die Olympischen Spiele in Berlin.<\/p>\n<p>Anl\u00e4sslich des von der Senatsverwaltung f\u00fcr Stadtentwicklung, Bauen und Wohnen angek\u00fcndigten Presserundgangs im Friedrich-Ludwig-Jahn-Sportpark hat NOlympia Berlin spontan eine Versammlung angemeldet. Wir freuen uns \u00fcber Mitstreiter*innen.<\/p>\n<p>Wir treffen uns:<\/p>\n<p>Naturwiese statt Plastikrasen \u2013 kein Olympia in Berlin!<br \/>Montag, 24. August 2026<br \/>Zeit: 14-15:30 Uhr<br \/>Ort: Topsstra\u00dfe\/Ecke Emilie-Mosse-Stra\u00dfe, 10437 Berlin<\/p>\n","protected":false},"excerpt":{"rendered":"Das B\u00fcndnis NOlympia Berlin macht heute, anl\u00e4sslich des Besuchs des Berliner Senats im Jahn-Sportpark eine kleine Aktion. Unter&hellip;\n","protected":false},"author":2,"featured_media":1256412,"comment_status":"","ping_status":"","sticky":false,"template":"","format":"standard","meta":{"footnotes":"","_share_on_mastodon":"0"},"categories":[1825],"tags":[296,507,29,30,95532],"class_list":["post-1256411","post","type-post","status-publish","format-standard","has-post-thumbnail","category-berlin","tag-berlin","tag-demonstration","tag-deutschland","tag-germany","tag-nolympia"],"share_on_mastodon":{"url":"https:\/\/pubeurope.com\/@de\/117147548227726256","error":""},"_links":{"self":[{"href":"https:\/\/www.europesays.com\/de\/wp-json\/wp\/v2\/posts\/1256411","targetHints":{"allow":["GET"]}}],"collection":[{"href":"https:\/\/www.europesays.com\/de\/wp-json\/wp\/v2\/posts"}],"about":[{"href":"https:\/\/www.europesays.com\/de\/wp-json\/wp\/v2\/types\/post"}],"author":[{"embeddable":true,"href":"https:\/\/www.europesays.com\/de\/wp-json\/wp\/v2\/users\/2"}],"replies":[{"embeddable":true,"href":"https:\/\/www.europesays.com\/de\/wp-json\/wp\/v2\/comments?post=1256411"}],"version-history":[{"count":0,"href":"https:\/\/www.europesays.com\/de\/wp-json\/wp\/v2\/posts\/1256411\/revisions"}],"wp:featuredmedia":[{"embeddable":true,"href":"https:\/\/www.europesays.com\/de\/wp-json\/wp\/v2\/media\/1256412"}],"wp:attachment":[{"href":"https:\/\/www.europesays.com\/de\/wp-json\/wp\/v2\/media?parent=1256411"}],"wp:term":[{"taxonomy":"category","embeddable":true,"href":"https:\/\/www.europesays.com\/de\/wp-json\/wp\/v2\/categories?post=1256411"},{"taxonomy":"post_tag","embeddable":true,"href":"https:\/\/www.europesays.com\/de\/wp-json\/wp\/v2\/tags?post=1256411"}],"curies":[{"name":"wp","href":"https:\/\/api.w.org\/{rel}","templated":true}]}}